{"id":16297,"date":"2026-04-30T09:17:45","date_gmt":"2026-04-30T06:17:45","guid":{"rendered":"https:\/\/irmak.k12.tr\/primary\/?p=16297"},"modified":"2026-04-30T09:17:45","modified_gmt":"2026-04-30T06:17:45","slug":"ikinci-siniflar-beylerbeyi-sarayinda-gecmisin-izlerini-kesfetti","status":"publish","type":"post","link":"https:\/\/irmak.k12.tr\/primary\/ikinci-siniflar-beylerbeyi-sarayinda-gecmisin-izlerini-kesfetti\/","title":{"rendered":"\u0130kinci  S\u0131n\u0131flar Beylerbeyi Saray\u0131\u2019nda Ge\u00e7mi\u015fin \u0130zlerini Ke\u015ffetti"},"content":{"rendered":"<div class=\"wpb-content-wrapper\"><p>[vc_row][vc_column][vc_column_text css=&#8221;&#8221;]<\/p>\n<p data-start=\"687\" data-end=\"990\">\u0130kinci s\u0131n\u0131f \u00f6\u011frencilerimiz, <span class=\"hover:entity-accent entity-underline inline cursor-pointer align-baseline\"><span class=\"whitespace-normal\">Irmak Okullar\u0131<\/span><\/span> olarak benimsedi\u011fimiz sorgulayan, ara\u015ft\u0131ran ve deneyimleyerek \u00f6\u011frenen bireyler yeti\u015ftirme vizyonu do\u011frultusunda, PYP \u201cBulundu\u011fumuz Yer ve Zaman\u201d temas\u0131 kapsam\u0131nda <span class=\"hover:entity-accent entity-underline inline cursor-pointer align-baseline\"><span class=\"whitespace-normal\">Beylerbeyi Saray\u0131<\/span><\/span>\u2019na anlaml\u0131 bir gezi ger\u00e7ekle\u015ftirdi.<\/p>\n<p data-start=\"992\" data-end=\"1377\">Bu e\u011fitim gezisi s\u0131ras\u0131nda \u00f6\u011frencilerimiz, tarih\u00ee bir yap\u0131y\u0131 yerinde inceleyerek ge\u00e7mi\u015ften g\u00fcn\u00fcm\u00fcze ya\u015fam alanlar\u0131nda meydana gelen de\u011fi\u015fimleri g\u00f6zlemleme f\u0131rsat\u0131 buldu. Saray\u0131n odalar\u0131n\u0131, salonlar\u0131n\u0131 ve g\u00fcnl\u00fck ya\u015fama \u0131\u015f\u0131k tutan b\u00f6l\u00fcmlerini dikkatle inceleyen \u00f6\u011frencilerimiz, ge\u00e7mi\u015fte insanlar\u0131n ya\u015fam bi\u00e7imlerini, mek\u00e2n kullan\u0131m\u0131n\u0131 ve ya\u015fam alanlar\u0131n\u0131 nas\u0131l d\u00fczenlediklerini ke\u015ffetti.<\/p>\n<p data-start=\"1379\" data-end=\"1806\">Gezi boyunca \u00f6\u011frencilerimiz; saray\u0131n mimari \u00f6zelliklerini, kullan\u0131lan e\u015fyalar\u0131, dekorasyon anlay\u0131\u015f\u0131n\u0131 ve yap\u0131 malzemelerini analiz ederek ge\u00e7mi\u015f ile g\u00fcn\u00fcm\u00fcz ya\u015fam alanlar\u0131 aras\u0131nda kar\u015f\u0131la\u015ft\u0131rmalar yapt\u0131. Ayn\u0131 zamanda farkl\u0131 konut tipleri \u00fczerine d\u00fc\u015f\u00fcnerek iklim ve \u00e7evresel fakt\u00f6rlerin ya\u015fam alanlar\u0131 \u00fczerindeki etkisini sorgulad\u0131. Bo\u011faz k\u0131y\u0131s\u0131nda konumlanan saray\u0131n mimarisi \u00fczerinden \u00e7evrenin yap\u0131la\u015fmaya etkisini fark etti.<\/p>\n<p data-start=\"1808\" data-end=\"2057\">Bu deneyim, <span class=\"hover:entity-accent entity-underline inline cursor-pointer align-baseline\"><span class=\"whitespace-normal\">Mill\u00ee E\u011fitim Bakanl\u0131\u011f\u0131<\/span><\/span>\u2019n\u0131n temel de\u011ferleri do\u011frultusunda \u00f6\u011frencilerimizin tarih\u00ee ve k\u00fclt\u00fcrel mirasa duyarl\u0131l\u0131k geli\u015ftirmelerine katk\u0131 sa\u011flarken; g\u00f6zlem yapma, ele\u015ftirel d\u00fc\u015f\u00fcnme ve \u00e7\u0131kar\u0131mda bulunma becerlerini g\u00fc\u00e7lendirdi.<\/p>\n<p>[\/vc_column_text][\/vc_column][\/vc_row][vc_row][vc_column][vc_gallery interval=&#8221;3&#8243; images=&#8221;16287,16288,16289,16290,16291,16292,16293,16294&#8243; img_size=&#8221;1080&#215;800&#8243; css=&#8221;&#8221;][\/vc_column][\/vc_row]<\/p>\n<\/div>","protected":false},"excerpt":{"rendered":"<p>[vc_row][vc_column][vc_column_text css=&#8221;&#8221;] \u0130kinci s\u0131n\u0131f \u00f6\u011frencilerimiz, Irmak Okullar\u0131 olarak benimsedi\u011fimiz sorgulayan, ara\u015ft\u0131ran ve deneyimleyerek \u00f6\u011frenen bireyler yeti\u015ftirme vizyonu do\u011frultusunda, PYP \u201cBulundu\u011fumuz Yer ve Zaman\u201d temas\u0131 kapsam\u0131nda Beylerbeyi Saray\u0131\u2019na anlaml\u0131 bir gezi ger\u00e7ekle\u015ftirdi. Bu e\u011fitim gezisi s\u0131ras\u0131nda \u00f6\u011frencilerimiz, tarih\u00ee bir yap\u0131y\u0131 yerinde inceleyerek ge\u00e7mi\u015ften g\u00fcn\u00fcm\u00fcze ya\u015fam alanlar\u0131nda meydana gelen de\u011fi\u015fimleri g\u00f6zlemleme f\u0131rsat\u0131 buldu. Saray\u0131n odalar\u0131n\u0131, salonlar\u0131n\u0131 ve [&hellip;]<\/p>\n","protected":false},"author":3,"featured_media":16293,"comment_status":"closed","ping_status":"closed","sticky":false,"template":"","format":"standard","meta":{"footnotes":""},"categories":[2],"tags":[],"class_list":["post-16297","post","type-post","status-publish","format-standard","has-post-thumbnail","hentry","category-etkinlikler"],"_links":{"self":[{"href":"https:\/\/irmak.k12.tr\/primary\/wp-json\/wp\/v2\/posts\/16297","targetHints":{"allow":["GET"]}}],"collection":[{"href":"https:\/\/irmak.k12.tr\/primary\/wp-json\/wp\/v2\/posts"}],"about":[{"href":"https:\/\/irmak.k12.tr\/primary\/wp-json\/wp\/v2\/types\/post"}],"author":[{"embeddable":true,"href":"https:\/\/irmak.k12.tr\/primary\/wp-json\/wp\/v2\/users\/3"}],"replies":[{"embeddable":true,"href":"https:\/\/irmak.k12.tr\/primary\/wp-json\/wp\/v2\/comments?post=16297"}],"version-history":[{"count":1,"href":"https:\/\/irmak.k12.tr\/primary\/wp-json\/wp\/v2\/posts\/16297\/revisions"}],"predecessor-version":[{"id":16298,"href":"https:\/\/irmak.k12.tr\/primary\/wp-json\/wp\/v2\/posts\/16297\/revisions\/16298"}],"wp:featuredmedia":[{"embeddable":true,"href":"https:\/\/irmak.k12.tr\/primary\/wp-json\/wp\/v2\/media\/16293"}],"wp:attachment":[{"href":"https:\/\/irmak.k12.tr\/primary\/wp-json\/wp\/v2\/media?parent=16297"}],"wp:term":[{"taxonomy":"category","embeddable":true,"href":"https:\/\/irmak.k12.tr\/primary\/wp-json\/wp\/v2\/categories?post=16297"},{"taxonomy":"post_tag","embeddable":true,"href":"https:\/\/irmak.k12.tr\/primary\/wp-json\/wp\/v2\/tags?post=16297"}],"curies":[{"name":"wp","href":"https:\/\/api.w.org\/{rel}","templated":true}]}}