{"id":13894,"date":"2024-12-04T11:35:32","date_gmt":"2024-12-04T08:35:32","guid":{"rendered":"https:\/\/irmak.k12.tr\/primary\/?p=13894"},"modified":"2024-12-04T11:36:24","modified_gmt":"2024-12-04T08:36:24","slug":"our-school-hosted-the-lets-meet-in-music-event","status":"publish","type":"post","link":"https:\/\/irmak.k12.tr\/primary\/our-school-hosted-the-lets-meet-in-music-event\/","title":{"rendered":"Our school hosted the Let&#8217;s Meet in Music event."},"content":{"rendered":"<div class=\"wpb-content-wrapper\"><p>[vc_row][vc_column][vc_column_text css=&#8221;&#8221;]This week, our school hosted the Let&#8217;s Meet in Music event, organised with the contributions of the Music Department and featuring our artist guests.<br \/>\nWithin the scope of the event, our 3rd grade students had a pleasant conversation on \u2018Voice Types and Choral Music\u2019 with Choir Conductor Ay\u015fe B\u00fc\u015fra Yakar. Our 4th grade students took an unforgettable journey in the magical world of music under the guidance of Musicologist Di\u011fdem Gezek Aksoy, based on the story of the Ocean of Music.<br \/>\nWe would like to thank all our students, teachers and valuable guests who contributed to this special event where impressive performances were performed.<\/p>\n<p><a href=\"https:\/\/irmak.k12.tr\/primary\/okulumuz-muzikte-bulusalim-etkinligine-ev-sahipligi-yapti\/\"><strong>Haberin T\u00fcrk\u00e7esi i\u00e7in t\u0131klay\u0131n\u0131z.<\/strong><\/a>[\/vc_column_text][\/vc_column][\/vc_row][vc_row][vc_column][vc_gallery interval=&#8221;3&#8243; images=&#8221;13895,13896,13897,13898&#8243; img_size=&#8221;1080&#215;800&#8243; css=&#8221;&#8221;][\/vc_column][\/vc_row]<\/p>\n<\/div>","protected":false},"excerpt":{"rendered":"<p>[vc_row][vc_column][vc_column_text css=&#8221;&#8221;]This week, our school hosted the Let&#8217;s Meet in Music event, organised with the contributions of the Music Department and featuring our artist guests. Within the scope of the event, our 3rd grade students had a pleasant conversation on \u2018Voice Types and Choral Music\u2019 with Choir Conductor Ay\u015fe B\u00fc\u015fra Yakar. Our 4th grade students [&hellip;]<\/p>\n","protected":false},"author":3,"featured_media":13895,"comment_status":"closed","ping_status":"closed","sticky":false,"template":"","format":"standard","meta":{"footnotes":""},"categories":[52],"tags":[],"class_list":["post-13894","post","type-post","status-publish","format-standard","has-post-thumbnail","hentry","category-events"],"_links":{"self":[{"href":"https:\/\/irmak.k12.tr\/primary\/wp-json\/wp\/v2\/posts\/13894","targetHints":{"allow":["GET"]}}],"collection":[{"href":"https:\/\/irmak.k12.tr\/primary\/wp-json\/wp\/v2\/posts"}],"about":[{"href":"https:\/\/irmak.k12.tr\/primary\/wp-json\/wp\/v2\/types\/post"}],"author":[{"embeddable":true,"href":"https:\/\/irmak.k12.tr\/primary\/wp-json\/wp\/v2\/users\/3"}],"replies":[{"embeddable":true,"href":"https:\/\/irmak.k12.tr\/primary\/wp-json\/wp\/v2\/comments?post=13894"}],"version-history":[{"count":2,"href":"https:\/\/irmak.k12.tr\/primary\/wp-json\/wp\/v2\/posts\/13894\/revisions"}],"predecessor-version":[{"id":13902,"href":"https:\/\/irmak.k12.tr\/primary\/wp-json\/wp\/v2\/posts\/13894\/revisions\/13902"}],"wp:featuredmedia":[{"embeddable":true,"href":"https:\/\/irmak.k12.tr\/primary\/wp-json\/wp\/v2\/media\/13895"}],"wp:attachment":[{"href":"https:\/\/irmak.k12.tr\/primary\/wp-json\/wp\/v2\/media?parent=13894"}],"wp:term":[{"taxonomy":"category","embeddable":true,"href":"https:\/\/irmak.k12.tr\/primary\/wp-json\/wp\/v2\/categories?post=13894"},{"taxonomy":"post_tag","embeddable":true,"href":"https:\/\/irmak.k12.tr\/primary\/wp-json\/wp\/v2\/tags?post=13894"}],"curies":[{"name":"wp","href":"https:\/\/api.w.org\/{rel}","templated":true}]}}