{"id":16623,"date":"2026-04-28T15:23:13","date_gmt":"2026-04-28T12:23:13","guid":{"rendered":"https:\/\/irmak.k12.tr\/middle\/?p=16623"},"modified":"2026-04-28T15:23:13","modified_gmt":"2026-04-28T12:23:13","slug":"guzel-atlar-ulkesi-kapadokya","status":"publish","type":"post","link":"https:\/\/irmak.k12.tr\/middle\/guzel-atlar-ulkesi-kapadokya\/","title":{"rendered":"G\u00fczel Atlar \u00dclkesi: Kapadokya"},"content":{"rendered":"<div class=\"wpb-content-wrapper\"><p>[vc_row][vc_column][vc_column_text css=&#8221;&#8221;]7. s\u0131n\u0131f \u00f6\u011frencilerimiz, T\u00fcrk\u00e7e ve Sosyal Bilimler B\u00f6l\u00fcm\u00fc taraf\u0131ndan d\u00fczenlenen k\u00fclt\u00fcrel gezi kapsam\u0131nda 17-18 Nisan tarihlerinde Kapadokya\u2019y\u0131 ziyaret etti. \u00d6\u011frencilerimiz, T\u00fcrkiye\u2019nin en \u00f6nemli do\u011fal ve tarih\u00ee miras alanlar\u0131ndan biri olan bu e\u015fsiz co\u011frafyada, \u00f6\u011frenmeyi s\u0131n\u0131f ortam\u0131n\u0131n d\u0131\u015f\u0131na ta\u015f\u0131yarak yerinde \u00f6\u011frenme deneyimi ya\u015fad\u0131lar.<\/p>\n<p>Gezi program\u0131 kapsam\u0131nda Avanos\u2019ta ger\u00e7ekle\u015ftirilen geleneksel \u00e7\u00f6mlek at\u00f6lyesi etkinli\u011finde \u00f6\u011frencilerimiz, k\u00fclt\u00fcrel miras\u0131m\u0131z\u0131n \u00f6nemli bir par\u00e7as\u0131 olan el sanatlar\u0131n\u0131 deneyimleyerek \u00f6\u011frenmenin keyfini ya\u015fad\u0131. \u00d6zkonak Yeralt\u0131 \u015eehri ziyaretinde ise ge\u00e7mi\u015f uygarl\u0131klar\u0131n ya\u015fam alanlar\u0131n\u0131 inceleyerek tarihsel fark\u0131ndal\u0131klar\u0131n\u0131 derinle\u015ftirdiler.<\/p>\n<p>\u00c7avu\u015fin, G\u00f6reme ve U\u00e7hisar Kalesi ziyaretleri s\u0131ras\u0131nda \u00f6\u011frencilerimiz Kapadokya\u2019n\u0131n zengin tarih\u00ee dokusunu yak\u0131ndan g\u00f6zlemleme f\u0131rsat\u0131 bulurken; G\u00fcvercinlik Vadisi ve Dervent Vadisi\u2019nde do\u011fan\u0131n olu\u015fturdu\u011fu e\u015fsiz olu\u015fumlar\u0131 ke\u015ffettiler.<\/p>\n<p>Bu anlaml\u0131 gezi, \u00f6\u011frencilerimizin g\u00f6zlem yapma, sorgulama, ele\u015ftirel d\u00fc\u015f\u00fcnme ve tarih\u00ee-co\u011frafi bilgileri g\u00fcnl\u00fck ya\u015famla ili\u015fkilendirme becerilerini geli\u015ftirmelerine katk\u0131 sa\u011flad\u0131. Ayn\u0131 zamanda, Milli E\u011fitim Bakanl\u0131\u011f\u0131\u2019n\u0131n benimsedi\u011fi de\u011ferler e\u011fitimi, k\u00fclt\u00fcrel mirasa sahip \u00e7\u0131kma ve aktif \u00f6\u011frenme yakla\u015f\u0131m\u0131 ile uyumlu olarak planlanan bu etkinlik, Irmak Okullar\u0131\u2019n\u0131n ara\u015ft\u0131ran, sorgulayan ve d\u00fcnya ile ba\u011f kurabilen bireyler yeti\u015ftirme vizyonunu g\u00fc\u00e7l\u00fc bir \u015fekilde destekledi.[\/vc_column_text][\/vc_column][\/vc_row][vc_row][vc_column][vc_gallery interval=&#8221;3&#8243; images=&#8221;16595,16596,16597,16598,16599,16600,16601,16602,16603,16604,16605,16606,16607,16608,16609,16610,16611,16612,16613,16614,16615,16616,16617,16618,16619,16620,16621&#8243; img_size=&#8221;1080&#215;800&#8243; css=&#8221;&#8221;][\/vc_column][\/vc_row]<\/p>\n<\/div>","protected":false},"excerpt":{"rendered":"<p>[vc_row][vc_column][vc_column_text css=&#8221;&#8221;]7. s\u0131n\u0131f \u00f6\u011frencilerimiz, T\u00fcrk\u00e7e ve Sosyal Bilimler B\u00f6l\u00fcm\u00fc taraf\u0131ndan d\u00fczenlenen k\u00fclt\u00fcrel gezi kapsam\u0131nda 17-18 Nisan tarihlerinde Kapadokya\u2019y\u0131 ziyaret etti. \u00d6\u011frencilerimiz, T\u00fcrkiye\u2019nin en \u00f6nemli do\u011fal ve tarih\u00ee miras alanlar\u0131ndan biri olan bu e\u015fsiz co\u011frafyada, \u00f6\u011frenmeyi s\u0131n\u0131f ortam\u0131n\u0131n d\u0131\u015f\u0131na ta\u015f\u0131yarak yerinde \u00f6\u011frenme deneyimi ya\u015fad\u0131lar. Gezi program\u0131 kapsam\u0131nda Avanos\u2019ta ger\u00e7ekle\u015ftirilen geleneksel \u00e7\u00f6mlek at\u00f6lyesi etkinli\u011finde \u00f6\u011frencilerimiz, k\u00fclt\u00fcrel miras\u0131m\u0131z\u0131n [&hellip;]<\/p>\n","protected":false},"author":3,"featured_media":16595,"comment_status":"closed","ping_status":"closed","sticky":false,"template":"","format":"standard","meta":{"footnotes":""},"categories":[112],"tags":[],"class_list":["post-16623","post","type-post","status-publish","format-standard","has-post-thumbnail","hentry","category-etkinlikler"],"_links":{"self":[{"href":"https:\/\/irmak.k12.tr\/middle\/wp-json\/wp\/v2\/posts\/16623","targetHints":{"allow":["GET"]}}],"collection":[{"href":"https:\/\/irmak.k12.tr\/middle\/wp-json\/wp\/v2\/posts"}],"about":[{"href":"https:\/\/irmak.k12.tr\/middle\/wp-json\/wp\/v2\/types\/post"}],"author":[{"embeddable":true,"href":"https:\/\/irmak.k12.tr\/middle\/wp-json\/wp\/v2\/users\/3"}],"replies":[{"embeddable":true,"href":"https:\/\/irmak.k12.tr\/middle\/wp-json\/wp\/v2\/comments?post=16623"}],"version-history":[{"count":1,"href":"https:\/\/irmak.k12.tr\/middle\/wp-json\/wp\/v2\/posts\/16623\/revisions"}],"predecessor-version":[{"id":16624,"href":"https:\/\/irmak.k12.tr\/middle\/wp-json\/wp\/v2\/posts\/16623\/revisions\/16624"}],"wp:featuredmedia":[{"embeddable":true,"href":"https:\/\/irmak.k12.tr\/middle\/wp-json\/wp\/v2\/media\/16595"}],"wp:attachment":[{"href":"https:\/\/irmak.k12.tr\/middle\/wp-json\/wp\/v2\/media?parent=16623"}],"wp:term":[{"taxonomy":"category","embeddable":true,"href":"https:\/\/irmak.k12.tr\/middle\/wp-json\/wp\/v2\/categories?post=16623"},{"taxonomy":"post_tag","embeddable":true,"href":"https:\/\/irmak.k12.tr\/middle\/wp-json\/wp\/v2\/tags?post=16623"}],"curies":[{"name":"wp","href":"https:\/\/api.w.org\/{rel}","templated":true}]}}