{"id":16512,"date":"2026-03-04T15:29:20","date_gmt":"2026-03-04T12:29:20","guid":{"rendered":"https:\/\/irmak.k12.tr\/middle\/?p=16512"},"modified":"2026-03-04T15:29:20","modified_gmt":"2026-03-04T12:29:20","slug":"irmak-talks-2026-ogrencilerden-ilham-veren-konusmalar","status":"publish","type":"post","link":"https:\/\/irmak.k12.tr\/middle\/irmak-talks-2026-ogrencilerden-ilham-veren-konusmalar\/","title":{"rendered":"Irmak Talks 2026: \u00d6\u011frencilerden \u0130lham Veren Konu\u015fmalar"},"content":{"rendered":"<div class=\"wpb-content-wrapper\"><p>[vc_row][vc_column][vc_column_text css=&#8221;&#8221;]Ortaokul \u0130ngilizce B\u00f6l\u00fcm\u00fc taraf\u0131ndan d\u00fczenlenen Irmak Talks etkinli\u011fi, <strong>3 Mart 2026<\/strong> tarihinde ikinci kez ba\u015far\u0131yla ger\u00e7ekle\u015ftirilmi\u015ftir. K\u0131sa s\u00fcrede okul toplulu\u011fumuz i\u00e7in anlaml\u0131 ve ilham verici bir platform haline gelen etkinlik, \u00f6\u011frencilerimizin sesini duyurabildi\u011fi g\u00fc\u00e7l\u00fc bir payla\u015f\u0131m alan\u0131 sunmaktad\u0131r.\u00a0 Etkinli\u011fe kat\u0131lmak isteyen \u00f6\u011frenciler video ba\u015fvurular\u0131 ile de\u011ferlendirme s\u00fcrecine al\u0131nm\u0131\u015f; se\u00e7ilen konu\u015fmac\u0131lar ise topluluk \u00f6n\u00fcnde konu\u015fma becerilerini geli\u015ftirmek, kendilerini etkili bi\u00e7imde ifade etmek ve mesajlar\u0131n\u0131n etkisini en \u00fcst d\u00fczeye \u00e7\u0131karmak amac\u0131yla titizlikle haz\u0131rlanm\u0131\u015ft\u0131r. \u00d6\u011frenciler konu\u015fmalar\u0131nda hem ki\u015fisel deneyimlerini ve kar\u015f\u0131la\u015ft\u0131klar\u0131 zorluklar\u0131 payla\u015fm\u0131\u015f hem de S\u00fcrd\u00fcr\u00fclebilir Kalk\u0131nma Ama\u00e7lar\u0131 (SKA) do\u011frultusunda k\u00fcresel \u00e7evresel ve sosyal meselelere dikkat \u00e7ekerek fark\u0131ndal\u0131k olu\u015fturmay\u0131 hedeflemi\u015ftir. Program kapsam\u0131nda 5. ve 6. s\u0131n\u0131f \u00f6\u011frencileri kendi ya\u015f gruplar\u0131na, 7. ve 8. s\u0131n\u0131f \u00f6\u011frencileri ise kendi seviyelerine y\u00f6nelik sunumlar ger\u00e7ekle\u015ftirmi\u015ftir. Bunun yan\u0131 s\u0131ra \u00f6\u011frenciler sunuculuk g\u00f6revleri \u00fcstlenmi\u015f ve m\u00fczik performanslar\u0131yla etkinli\u011fe katk\u0131 sa\u011flam\u0131\u015ft\u0131r. B\u00f6ylece Irmak Talks, \u00e7ok y\u00f6nl\u00fc ve zengin bir \u00f6\u011frenme deneyimine d\u00f6n\u00fc\u015fm\u00fc\u015ft\u00fcr. Irmak Talks; \u00f6\u011frencilerimizin ele\u015ftirel d\u00fc\u015f\u00fcnme, etkili ileti\u015fim ve topluluk \u00f6n\u00fcnde konu\u015fma becerilerini geli\u015ftirirken ayn\u0131 zamanda k\u00fcresel vatanda\u015fl\u0131k bilinci kazanmalar\u0131na da katk\u0131 sunmaktad\u0131r. \u00d6\u011frencilerimiz, bu platform arac\u0131l\u0131\u011f\u0131yla bireysel ve toplumsal sorumluluklar\u0131n\u0131n fark\u0131na vararak gelece\u011fe y\u00f6nelik anlaml\u0131 ad\u0131mlar atmaya te\u015fvik edilmektedir.[\/vc_column_text][\/vc_column][\/vc_row][vc_row][vc_column][vc_gallery interval=&#8221;3&#8243; images=&#8221;16501,16502,16503,16504,16505,16506,16507,16508,16509,16510&#8243; img_size=&#8221;1080&#215;800&#8243; css=&#8221;&#8221;][\/vc_column][\/vc_row]<\/p>\n<\/div>","protected":false},"excerpt":{"rendered":"<p>[vc_row][vc_column][vc_column_text css=&#8221;&#8221;]Ortaokul \u0130ngilizce B\u00f6l\u00fcm\u00fc taraf\u0131ndan d\u00fczenlenen Irmak Talks etkinli\u011fi, 3 Mart 2026 tarihinde ikinci kez ba\u015far\u0131yla ger\u00e7ekle\u015ftirilmi\u015ftir. K\u0131sa s\u00fcrede okul toplulu\u011fumuz i\u00e7in anlaml\u0131 ve ilham verici bir platform haline gelen etkinlik, \u00f6\u011frencilerimizin sesini duyurabildi\u011fi g\u00fc\u00e7l\u00fc bir payla\u015f\u0131m alan\u0131 sunmaktad\u0131r.\u00a0 Etkinli\u011fe kat\u0131lmak isteyen \u00f6\u011frenciler video ba\u015fvurular\u0131 ile de\u011ferlendirme s\u00fcrecine al\u0131nm\u0131\u015f; se\u00e7ilen konu\u015fmac\u0131lar ise topluluk \u00f6n\u00fcnde konu\u015fma [&hellip;]<\/p>\n","protected":false},"author":3,"featured_media":16505,"comment_status":"closed","ping_status":"closed","sticky":false,"template":"","format":"standard","meta":{"footnotes":""},"categories":[112],"tags":[],"class_list":["post-16512","post","type-post","status-publish","format-standard","has-post-thumbnail","hentry","category-etkinlikler"],"_links":{"self":[{"href":"https:\/\/irmak.k12.tr\/middle\/wp-json\/wp\/v2\/posts\/16512","targetHints":{"allow":["GET"]}}],"collection":[{"href":"https:\/\/irmak.k12.tr\/middle\/wp-json\/wp\/v2\/posts"}],"about":[{"href":"https:\/\/irmak.k12.tr\/middle\/wp-json\/wp\/v2\/types\/post"}],"author":[{"embeddable":true,"href":"https:\/\/irmak.k12.tr\/middle\/wp-json\/wp\/v2\/users\/3"}],"replies":[{"embeddable":true,"href":"https:\/\/irmak.k12.tr\/middle\/wp-json\/wp\/v2\/comments?post=16512"}],"version-history":[{"count":1,"href":"https:\/\/irmak.k12.tr\/middle\/wp-json\/wp\/v2\/posts\/16512\/revisions"}],"predecessor-version":[{"id":16513,"href":"https:\/\/irmak.k12.tr\/middle\/wp-json\/wp\/v2\/posts\/16512\/revisions\/16513"}],"wp:featuredmedia":[{"embeddable":true,"href":"https:\/\/irmak.k12.tr\/middle\/wp-json\/wp\/v2\/media\/16505"}],"wp:attachment":[{"href":"https:\/\/irmak.k12.tr\/middle\/wp-json\/wp\/v2\/media?parent=16512"}],"wp:term":[{"taxonomy":"category","embeddable":true,"href":"https:\/\/irmak.k12.tr\/middle\/wp-json\/wp\/v2\/categories?post=16512"},{"taxonomy":"post_tag","embeddable":true,"href":"https:\/\/irmak.k12.tr\/middle\/wp-json\/wp\/v2\/tags?post=16512"}],"curies":[{"name":"wp","href":"https:\/\/api.w.org\/{rel}","templated":true}]}}