{"id":16497,"date":"2026-03-02T09:52:20","date_gmt":"2026-03-02T06:52:20","guid":{"rendered":"https:\/\/irmak.k12.tr\/middle\/?p=16497"},"modified":"2026-03-02T09:52:20","modified_gmt":"2026-03-02T06:52:20","slug":"istanbul-resim-ve-heykel-muzesi-gezisi","status":"publish","type":"post","link":"https:\/\/irmak.k12.tr\/middle\/istanbul-resim-ve-heykel-muzesi-gezisi\/","title":{"rendered":"\u0130stanbul Resim ve Heykel M\u00fczesi Gezisi"},"content":{"rendered":"<div class=\"wpb-content-wrapper\"><p>[vc_row][vc_column][vc_column_text css=&#8221;&#8221;]25 \u015eubat \u00c7ar\u015famba g\u00fcn\u00fc, 6. s\u0131n\u0131f \u00f6\u011frencilerimizin kat\u0131l\u0131m\u0131yla T\u00fcrkiye\u2019nin ilk ve en kapsaml\u0131 plastik sanatlar koleksiyonuna ev sahipli\u011fi yapan \u0130stanbul Resim ve Heykel M\u00fczesi\u2019ne k\u00fclt\u00fcrel bir gezi ger\u00e7ekle\u015ftirildi. Ziyaret boyunca \u00f6\u011frencilerimiz, 19. y\u00fczy\u0131ldan g\u00fcn\u00fcm\u00fcze uzanan resim ve heykel \u00f6rnekleri \u00fczerinden T\u00fcrk sanat\u0131n\u0131n geli\u015fim s\u00fcrecini yak\u0131ndan inceleme f\u0131rsat\u0131 buldu. Farkl\u0131 d\u00f6nemlere ait \u00fcslup, teknik ve temalar\u0131 kar\u015f\u0131la\u015ft\u0131rarak g\u00f6zlemleyen \u00f6\u011frencilerimiz; sanat eserlerini yorumlama, estetik fark\u0131ndal\u0131k geli\u015ftirme ve k\u00fclt\u00fcrel miras\u0131 anlama becerilerini zenginle\u015ftirdiler. Bu anlaml\u0131 m\u00fcze deneyimi, \u00f6\u011frencilerimizin sanata y\u00f6nelik ilgilerini peki\u015ftirirken T\u00fcrk sanat tarihine b\u00fct\u00fcnc\u00fcl bir bak\u0131\u015f kazanmalar\u0131na katk\u0131 sa\u011flad\u0131.[\/vc_column_text][\/vc_column][\/vc_row][vc_row][vc_column][vc_gallery interval=&#8221;3&#8243; images=&#8221;16488,16489,16490,16491,16492,16493,16494,16495&#8243; img_size=&#8221;1080&#215;800&#8243; css=&#8221;&#8221;][\/vc_column][\/vc_row]<\/p>\n<\/div>","protected":false},"excerpt":{"rendered":"<p>[vc_row][vc_column][vc_column_text css=&#8221;&#8221;]25 \u015eubat \u00c7ar\u015famba g\u00fcn\u00fc, 6. s\u0131n\u0131f \u00f6\u011frencilerimizin kat\u0131l\u0131m\u0131yla T\u00fcrkiye\u2019nin ilk ve en kapsaml\u0131 plastik sanatlar koleksiyonuna ev sahipli\u011fi yapan \u0130stanbul Resim ve Heykel M\u00fczesi\u2019ne k\u00fclt\u00fcrel bir gezi ger\u00e7ekle\u015ftirildi. Ziyaret boyunca \u00f6\u011frencilerimiz, 19. y\u00fczy\u0131ldan g\u00fcn\u00fcm\u00fcze uzanan resim ve heykel \u00f6rnekleri \u00fczerinden T\u00fcrk sanat\u0131n\u0131n geli\u015fim s\u00fcrecini yak\u0131ndan inceleme f\u0131rsat\u0131 buldu. Farkl\u0131 d\u00f6nemlere ait \u00fcslup, teknik ve [&hellip;]<\/p>\n","protected":false},"author":3,"featured_media":16492,"comment_status":"closed","ping_status":"closed","sticky":false,"template":"","format":"standard","meta":{"footnotes":""},"categories":[112],"tags":[],"class_list":["post-16497","post","type-post","status-publish","format-standard","has-post-thumbnail","hentry","category-etkinlikler"],"_links":{"self":[{"href":"https:\/\/irmak.k12.tr\/middle\/wp-json\/wp\/v2\/posts\/16497","targetHints":{"allow":["GET"]}}],"collection":[{"href":"https:\/\/irmak.k12.tr\/middle\/wp-json\/wp\/v2\/posts"}],"about":[{"href":"https:\/\/irmak.k12.tr\/middle\/wp-json\/wp\/v2\/types\/post"}],"author":[{"embeddable":true,"href":"https:\/\/irmak.k12.tr\/middle\/wp-json\/wp\/v2\/users\/3"}],"replies":[{"embeddable":true,"href":"https:\/\/irmak.k12.tr\/middle\/wp-json\/wp\/v2\/comments?post=16497"}],"version-history":[{"count":1,"href":"https:\/\/irmak.k12.tr\/middle\/wp-json\/wp\/v2\/posts\/16497\/revisions"}],"predecessor-version":[{"id":16498,"href":"https:\/\/irmak.k12.tr\/middle\/wp-json\/wp\/v2\/posts\/16497\/revisions\/16498"}],"wp:featuredmedia":[{"embeddable":true,"href":"https:\/\/irmak.k12.tr\/middle\/wp-json\/wp\/v2\/media\/16492"}],"wp:attachment":[{"href":"https:\/\/irmak.k12.tr\/middle\/wp-json\/wp\/v2\/media?parent=16497"}],"wp:term":[{"taxonomy":"category","embeddable":true,"href":"https:\/\/irmak.k12.tr\/middle\/wp-json\/wp\/v2\/categories?post=16497"},{"taxonomy":"post_tag","embeddable":true,"href":"https:\/\/irmak.k12.tr\/middle\/wp-json\/wp\/v2\/tags?post=16497"}],"curies":[{"name":"wp","href":"https:\/\/api.w.org\/{rel}","templated":true}]}}