{"id":15230,"date":"2025-02-28T11:23:02","date_gmt":"2025-02-28T08:23:02","guid":{"rendered":"https:\/\/irmak.k12.tr\/middle\/?p=15230"},"modified":"2025-02-28T11:23:02","modified_gmt":"2025-02-28T08:23:02","slug":"6-sinif-istanbul-resim-ve-heykel-muze-gezisi","status":"publish","type":"post","link":"https:\/\/irmak.k12.tr\/middle\/6-sinif-istanbul-resim-ve-heykel-muze-gezisi\/","title":{"rendered":"6.S\u0131n\u0131f \u0130stanbul Resim ve Heykel M\u00fcze Gezisi"},"content":{"rendered":"<div class=\"wpb-content-wrapper\"><p>[vc_row][vc_column][vc_column_text css=&#8221;&#8221;]26 \u015eubat \u00c7ar\u015famba g\u00fcn\u00fc, 6. s\u0131n\u0131f \u00f6\u011frencilerinin kat\u0131l\u0131m\u0131yla T\u00fcrkiye\u2019nin ilk ve en kapsaml\u0131 plastik sanatlar koleksiyonuna ev sahipli\u011fi yapan \u0130stanbul Resim ve Heykel M\u00fczesi\u2019ne bir ziyaret ger\u00e7ekle\u015ftirildi. Gezi s\u0131ras\u0131nda, 19. y\u00fczy\u0131ldan g\u00fcn\u00fcm\u00fcze kadar uzanan farkl\u0131 t\u00fcrlerdeki sanat eserleri \u00fczerine odaklan\u0131ld\u0131. Bu s\u00fcre\u00e7te \u00f6\u011frencilerimiz, sanatsal bilgi ve anlay\u0131\u015flar\u0131n\u0131 derinle\u015ftirme imk\u00e2n\u0131 elde ederek, T\u00fcrk sanat\u0131n\u0131n farkl\u0131 d\u00f6nemleri ve \u00fcsluplar\u0131 hakk\u0131nda kapsaml\u0131 bir perspektif kazand\u0131lar.[\/vc_column_text][\/vc_column][\/vc_row][vc_row][vc_column][vc_gallery interval=&#8221;3&#8243; images=&#8221;15224,15225,15226,15227,15228&#8243; img_size=&#8221;1080&#215;800&#8243; css=&#8221;&#8221;][\/vc_column][\/vc_row]<\/p>\n<\/div>","protected":false},"excerpt":{"rendered":"<p>[vc_row][vc_column][vc_column_text css=&#8221;&#8221;]26 \u015eubat \u00c7ar\u015famba g\u00fcn\u00fc, 6. s\u0131n\u0131f \u00f6\u011frencilerinin kat\u0131l\u0131m\u0131yla T\u00fcrkiye\u2019nin ilk ve en kapsaml\u0131 plastik sanatlar koleksiyonuna ev sahipli\u011fi yapan \u0130stanbul Resim ve Heykel M\u00fczesi\u2019ne bir ziyaret ger\u00e7ekle\u015ftirildi. Gezi s\u0131ras\u0131nda, 19. y\u00fczy\u0131ldan g\u00fcn\u00fcm\u00fcze kadar uzanan farkl\u0131 t\u00fcrlerdeki sanat eserleri \u00fczerine odaklan\u0131ld\u0131. Bu s\u00fcre\u00e7te \u00f6\u011frencilerimiz, sanatsal bilgi ve anlay\u0131\u015flar\u0131n\u0131 derinle\u015ftirme imk\u00e2n\u0131 elde ederek, T\u00fcrk sanat\u0131n\u0131n farkl\u0131 [&hellip;]<\/p>\n","protected":false},"author":3,"featured_media":15226,"comment_status":"closed","ping_status":"closed","sticky":false,"template":"","format":"standard","meta":{"footnotes":""},"categories":[112],"tags":[],"class_list":["post-15230","post","type-post","status-publish","format-standard","has-post-thumbnail","hentry","category-etkinlikler"],"_links":{"self":[{"href":"https:\/\/irmak.k12.tr\/middle\/wp-json\/wp\/v2\/posts\/15230","targetHints":{"allow":["GET"]}}],"collection":[{"href":"https:\/\/irmak.k12.tr\/middle\/wp-json\/wp\/v2\/posts"}],"about":[{"href":"https:\/\/irmak.k12.tr\/middle\/wp-json\/wp\/v2\/types\/post"}],"author":[{"embeddable":true,"href":"https:\/\/irmak.k12.tr\/middle\/wp-json\/wp\/v2\/users\/3"}],"replies":[{"embeddable":true,"href":"https:\/\/irmak.k12.tr\/middle\/wp-json\/wp\/v2\/comments?post=15230"}],"version-history":[{"count":1,"href":"https:\/\/irmak.k12.tr\/middle\/wp-json\/wp\/v2\/posts\/15230\/revisions"}],"predecessor-version":[{"id":15231,"href":"https:\/\/irmak.k12.tr\/middle\/wp-json\/wp\/v2\/posts\/15230\/revisions\/15231"}],"wp:featuredmedia":[{"embeddable":true,"href":"https:\/\/irmak.k12.tr\/middle\/wp-json\/wp\/v2\/media\/15226"}],"wp:attachment":[{"href":"https:\/\/irmak.k12.tr\/middle\/wp-json\/wp\/v2\/media?parent=15230"}],"wp:term":[{"taxonomy":"category","embeddable":true,"href":"https:\/\/irmak.k12.tr\/middle\/wp-json\/wp\/v2\/categories?post=15230"},{"taxonomy":"post_tag","embeddable":true,"href":"https:\/\/irmak.k12.tr\/middle\/wp-json\/wp\/v2\/tags?post=15230"}],"curies":[{"name":"wp","href":"https:\/\/api.w.org\/{rel}","templated":true}]}}