{"id":15210,"date":"2025-02-27T14:22:36","date_gmt":"2025-02-27T11:22:36","guid":{"rendered":"https:\/\/irmak.k12.tr\/middle\/?p=15210"},"modified":"2025-02-27T14:22:36","modified_gmt":"2025-02-27T11:22:36","slug":"dilimizin-zenginlikleri-projesi-ile-deyim-ve-atasozlerini-gorsellestirdik","status":"publish","type":"post","link":"https:\/\/irmak.k12.tr\/middle\/dilimizin-zenginlikleri-projesi-ile-deyim-ve-atasozlerini-gorsellestirdik\/","title":{"rendered":"\u201cDilimizin Zenginlikleri Projesi\u201d ile Deyim ve Atas\u00f6zlerini G\u00f6rselle\u015ftirdik!"},"content":{"rendered":"<div class=\"wpb-content-wrapper\"><p>[vc_row][vc_column][vc_column_text css=&#8221;&#8221;]5. s\u0131n\u0131f \u00f6\u011frencilerimiz T\u00fcrk\u00e7e dersi &#8220;Dilimizin Zenginlikleri Projesi\u201d kapsam\u0131nda, dilimizi simgeleyen \u00f6nemli unsurlardan olan deyimleri ve atas\u00f6zlerini ke\u015ffetmek \u00fczere e\u011flenceli bir etkinlik ger\u00e7ekle\u015ftirdi. Deyim ve atas\u00f6zlerinin sundu\u011fu derin anlamlar\u0131 daha iyi kavrayabilmek i\u00e7in \u00f6nce farkl\u0131 deyim ve atas\u00f6zlerini ara\u015ft\u0131rarak anlamlar\u0131n\u0131 inceleyen \u00f6\u011frencilerimiz, ara\u015ft\u0131rmalar\u0131 sonucunda se\u00e7tikleri deyim ve atas\u00f6zlerini yarat\u0131c\u0131l\u0131klar\u0131n\u0131 kullan\u0131p g\u00f6rselle\u015ftirerek konu ile ilgili yeni bir bak\u0131\u015f a\u00e7\u0131s\u0131 kazand\u0131lar. Etkinlik sonras\u0131 ortaya \u00e7\u0131kan eserler, T\u00fcrk\u00e7e dersliklerimizde sergilenerek payla\u015f\u0131ld\u0131. Deyim ve atas\u00f6zlerinin renkli ve \u00f6zg\u00fcn yorumlar\u0131n\u0131n yer ald\u0131\u011f\u0131 bu sergiyi olu\u015ftururken hem e\u011flendik hem de dilimizin zenginli\u011fini birlikte deneyimledik.[\/vc_column_text][\/vc_column][\/vc_row][vc_row][vc_column][vc_gallery interval=&#8221;3&#8243; images=&#8221;15201,15202,15203,15204,15205,15206,15207,15208&#8243; img_size=&#8221;1080&#215;800&#8243; css=&#8221;&#8221;][\/vc_column][\/vc_row]<\/p>\n<\/div>","protected":false},"excerpt":{"rendered":"<p>[vc_row][vc_column][vc_column_text css=&#8221;&#8221;]5. s\u0131n\u0131f \u00f6\u011frencilerimiz T\u00fcrk\u00e7e dersi &#8220;Dilimizin Zenginlikleri Projesi\u201d kapsam\u0131nda, dilimizi simgeleyen \u00f6nemli unsurlardan olan deyimleri ve atas\u00f6zlerini ke\u015ffetmek \u00fczere e\u011flenceli bir etkinlik ger\u00e7ekle\u015ftirdi. Deyim ve atas\u00f6zlerinin sundu\u011fu derin anlamlar\u0131 daha iyi kavrayabilmek i\u00e7in \u00f6nce farkl\u0131 deyim ve atas\u00f6zlerini ara\u015ft\u0131rarak anlamlar\u0131n\u0131 inceleyen \u00f6\u011frencilerimiz, ara\u015ft\u0131rmalar\u0131 sonucunda se\u00e7tikleri deyim ve atas\u00f6zlerini yarat\u0131c\u0131l\u0131klar\u0131n\u0131 kullan\u0131p g\u00f6rselle\u015ftirerek konu ile ilgili [&hellip;]<\/p>\n","protected":false},"author":3,"featured_media":15207,"comment_status":"closed","ping_status":"closed","sticky":false,"template":"","format":"standard","meta":{"footnotes":""},"categories":[112],"tags":[],"class_list":["post-15210","post","type-post","status-publish","format-standard","has-post-thumbnail","hentry","category-etkinlikler"],"_links":{"self":[{"href":"https:\/\/irmak.k12.tr\/middle\/wp-json\/wp\/v2\/posts\/15210","targetHints":{"allow":["GET"]}}],"collection":[{"href":"https:\/\/irmak.k12.tr\/middle\/wp-json\/wp\/v2\/posts"}],"about":[{"href":"https:\/\/irmak.k12.tr\/middle\/wp-json\/wp\/v2\/types\/post"}],"author":[{"embeddable":true,"href":"https:\/\/irmak.k12.tr\/middle\/wp-json\/wp\/v2\/users\/3"}],"replies":[{"embeddable":true,"href":"https:\/\/irmak.k12.tr\/middle\/wp-json\/wp\/v2\/comments?post=15210"}],"version-history":[{"count":1,"href":"https:\/\/irmak.k12.tr\/middle\/wp-json\/wp\/v2\/posts\/15210\/revisions"}],"predecessor-version":[{"id":15211,"href":"https:\/\/irmak.k12.tr\/middle\/wp-json\/wp\/v2\/posts\/15210\/revisions\/15211"}],"wp:featuredmedia":[{"embeddable":true,"href":"https:\/\/irmak.k12.tr\/middle\/wp-json\/wp\/v2\/media\/15207"}],"wp:attachment":[{"href":"https:\/\/irmak.k12.tr\/middle\/wp-json\/wp\/v2\/media?parent=15210"}],"wp:term":[{"taxonomy":"category","embeddable":true,"href":"https:\/\/irmak.k12.tr\/middle\/wp-json\/wp\/v2\/categories?post=15210"},{"taxonomy":"post_tag","embeddable":true,"href":"https:\/\/irmak.k12.tr\/middle\/wp-json\/wp\/v2\/tags?post=15210"}],"curies":[{"name":"wp","href":"https:\/\/api.w.org\/{rel}","templated":true}]}}