{"id":15183,"date":"2025-02-24T10:28:13","date_gmt":"2025-02-24T07:28:13","guid":{"rendered":"https:\/\/irmak.k12.tr\/middle\/?p=15183"},"modified":"2025-02-24T10:28:13","modified_gmt":"2025-02-24T07:28:13","slug":"ogrencimiz-ural-ergunun-kayak-basarilari","status":"publish","type":"post","link":"https:\/\/irmak.k12.tr\/middle\/ogrencimiz-ural-ergunun-kayak-basarilari\/","title":{"rendered":"\u00d6\u011frencimiz Ural Erg\u00fcn\u2019\u00fcn Kayak Ba\u015far\u0131lar\u0131"},"content":{"rendered":"<div class=\"wpb-content-wrapper\"><p>[vc_row][vc_column][vc_column_text css=&#8221;&#8221;]13 \u2013 14 \u015eubat tarihlerinde Uluda\u011f\u2019da d\u00fczenlenen Okullararas\u0131 \u0130stanbul \u0130l birincili\u011fi Kayak Yar\u0131\u015flar\u0131\u2019nda Y\u0131ld\u0131z Erkekler Alp Disiplini kategorisinde okulumuzu temsil eden \u00f6\u011frencimiz Ural Erg\u00fcn \u00fc\u00e7\u00fcnc\u00fc; Kayak Ligi 1. Ayak Yar\u0131\u015flar\u0131 Alp Disiplini U14 Slalom Erkekler kategorisinde birinci; 19 \u015eubat tarihinde yap\u0131lan U14 Erkekler 2. Etap yar\u0131\u015flar\u0131nda ikinci olmu\u015ftur. \u00d6\u011frencimizi tebrik eder, ba\u015far\u0131lar\u0131n\u0131n devam\u0131n\u0131 dileriz.[\/vc_column_text][\/vc_column][\/vc_row][vc_row][vc_column][vc_gallery interval=&#8221;3&#8243; images=&#8221;15180&#8243; img_size=&#8221;1080&#215;800&#8243; css=&#8221;&#8221;][\/vc_column][\/vc_row]<\/p>\n<\/div>","protected":false},"excerpt":{"rendered":"<p>[vc_row][vc_column][vc_column_text css=&#8221;&#8221;]13 \u2013 14 \u015eubat tarihlerinde Uluda\u011f\u2019da d\u00fczenlenen Okullararas\u0131 \u0130stanbul \u0130l birincili\u011fi Kayak Yar\u0131\u015flar\u0131\u2019nda Y\u0131ld\u0131z Erkekler Alp Disiplini kategorisinde okulumuzu temsil eden \u00f6\u011frencimiz Ural Erg\u00fcn \u00fc\u00e7\u00fcnc\u00fc; Kayak Ligi 1. Ayak Yar\u0131\u015flar\u0131 Alp Disiplini U14 Slalom Erkekler kategorisinde birinci; 19 \u015eubat tarihinde yap\u0131lan U14 Erkekler 2. Etap yar\u0131\u015flar\u0131nda ikinci olmu\u015ftur. \u00d6\u011frencimizi tebrik eder, ba\u015far\u0131lar\u0131n\u0131n devam\u0131n\u0131 dileriz.[\/vc_column_text][\/vc_column][\/vc_row][vc_row][vc_column][vc_gallery [&hellip;]<\/p>\n","protected":false},"author":3,"featured_media":15180,"comment_status":"closed","ping_status":"closed","sticky":false,"template":"","format":"standard","meta":{"footnotes":""},"categories":[26,112],"tags":[],"class_list":["post-15183","post","type-post","status-publish","format-standard","has-post-thumbnail","hentry","category-basarilar","category-etkinlikler"],"_links":{"self":[{"href":"https:\/\/irmak.k12.tr\/middle\/wp-json\/wp\/v2\/posts\/15183","targetHints":{"allow":["GET"]}}],"collection":[{"href":"https:\/\/irmak.k12.tr\/middle\/wp-json\/wp\/v2\/posts"}],"about":[{"href":"https:\/\/irmak.k12.tr\/middle\/wp-json\/wp\/v2\/types\/post"}],"author":[{"embeddable":true,"href":"https:\/\/irmak.k12.tr\/middle\/wp-json\/wp\/v2\/users\/3"}],"replies":[{"embeddable":true,"href":"https:\/\/irmak.k12.tr\/middle\/wp-json\/wp\/v2\/comments?post=15183"}],"version-history":[{"count":1,"href":"https:\/\/irmak.k12.tr\/middle\/wp-json\/wp\/v2\/posts\/15183\/revisions"}],"predecessor-version":[{"id":15184,"href":"https:\/\/irmak.k12.tr\/middle\/wp-json\/wp\/v2\/posts\/15183\/revisions\/15184"}],"wp:featuredmedia":[{"embeddable":true,"href":"https:\/\/irmak.k12.tr\/middle\/wp-json\/wp\/v2\/media\/15180"}],"wp:attachment":[{"href":"https:\/\/irmak.k12.tr\/middle\/wp-json\/wp\/v2\/media?parent=15183"}],"wp:term":[{"taxonomy":"category","embeddable":true,"href":"https:\/\/irmak.k12.tr\/middle\/wp-json\/wp\/v2\/categories?post=15183"},{"taxonomy":"post_tag","embeddable":true,"href":"https:\/\/irmak.k12.tr\/middle\/wp-json\/wp\/v2\/tags?post=15183"}],"curies":[{"name":"wp","href":"https:\/\/api.w.org\/{rel}","templated":true}]}}