{"id":15169,"date":"2025-02-19T12:54:43","date_gmt":"2025-02-19T09:54:43","guid":{"rendered":"https:\/\/irmak.k12.tr\/middle\/?p=15169"},"modified":"2025-02-19T12:54:43","modified_gmt":"2025-02-19T09:54:43","slug":"ural-ergunden-kayakta-cifte-basari","status":"publish","type":"post","link":"https:\/\/irmak.k12.tr\/middle\/ural-ergunden-kayakta-cifte-basari\/","title":{"rendered":"Ural Erg\u00fcn\u2019den Kayakta \u00c7ifte Ba\u015far\u0131!"},"content":{"rendered":"<div class=\"wpb-content-wrapper\"><p>[vc_row][vc_column][vc_column_text css=&#8221;&#8221;]\u00d6\u011frencimiz Ural Erg\u00fcn, Kayak Ligi 1. Ayak Yar\u0131\u015flar\u0131 Alp Disiplini U14 Slalom Erkekler kategorisinde 1. olarak b\u00fcy\u00fck bir ba\u015far\u0131 elde etti!<\/p>\n<p>Ayr\u0131ca, 13-14 \u015eubat tarihlerinde Uluda\u011f\u2019da d\u00fczenlenen Okullararas\u0131 \u0130stanbul \u0130l Birincili\u011fi Kayak Yar\u0131\u015flar\u0131 Y\u0131ld\u0131z Erkekler Alp Disiplini kategorisinde 3. olarak okulumuzu gururla temsil etti!<\/p>\n<p>\u00d6\u011frencimizi tebrik ediyor, ba\u015far\u0131lar\u0131n\u0131n devam\u0131n\u0131 diliyoruz![\/vc_column_text][\/vc_column][\/vc_row][vc_row][vc_column][vc_gallery interval=&#8221;3&#8243; images=&#8221;15167&#8243; img_size=&#8221;1080&#215;800&#8243; css=&#8221;&#8221;][\/vc_column][\/vc_row]<\/p>\n<\/div>","protected":false},"excerpt":{"rendered":"<p>[vc_row][vc_column][vc_column_text css=&#8221;&#8221;]\u00d6\u011frencimiz Ural Erg\u00fcn, Kayak Ligi 1. Ayak Yar\u0131\u015flar\u0131 Alp Disiplini U14 Slalom Erkekler kategorisinde 1. olarak b\u00fcy\u00fck bir ba\u015far\u0131 elde etti! Ayr\u0131ca, 13-14 \u015eubat tarihlerinde Uluda\u011f\u2019da d\u00fczenlenen Okullararas\u0131 \u0130stanbul \u0130l Birincili\u011fi Kayak Yar\u0131\u015flar\u0131 Y\u0131ld\u0131z Erkekler Alp Disiplini kategorisinde 3. olarak okulumuzu gururla temsil etti! \u00d6\u011frencimizi tebrik ediyor, ba\u015far\u0131lar\u0131n\u0131n devam\u0131n\u0131 diliyoruz![\/vc_column_text][\/vc_column][\/vc_row][vc_row][vc_column][vc_gallery interval=&#8221;3&#8243; images=&#8221;15167&#8243; img_size=&#8221;1080&#215;800&#8243; css=&#8221;&#8221;][\/vc_column][\/vc_row]<\/p>\n","protected":false},"author":3,"featured_media":15167,"comment_status":"closed","ping_status":"closed","sticky":false,"template":"","format":"standard","meta":{"footnotes":""},"categories":[26,112],"tags":[],"class_list":["post-15169","post","type-post","status-publish","format-standard","has-post-thumbnail","hentry","category-basarilar","category-etkinlikler"],"_links":{"self":[{"href":"https:\/\/irmak.k12.tr\/middle\/wp-json\/wp\/v2\/posts\/15169","targetHints":{"allow":["GET"]}}],"collection":[{"href":"https:\/\/irmak.k12.tr\/middle\/wp-json\/wp\/v2\/posts"}],"about":[{"href":"https:\/\/irmak.k12.tr\/middle\/wp-json\/wp\/v2\/types\/post"}],"author":[{"embeddable":true,"href":"https:\/\/irmak.k12.tr\/middle\/wp-json\/wp\/v2\/users\/3"}],"replies":[{"embeddable":true,"href":"https:\/\/irmak.k12.tr\/middle\/wp-json\/wp\/v2\/comments?post=15169"}],"version-history":[{"count":2,"href":"https:\/\/irmak.k12.tr\/middle\/wp-json\/wp\/v2\/posts\/15169\/revisions"}],"predecessor-version":[{"id":15171,"href":"https:\/\/irmak.k12.tr\/middle\/wp-json\/wp\/v2\/posts\/15169\/revisions\/15171"}],"wp:featuredmedia":[{"embeddable":true,"href":"https:\/\/irmak.k12.tr\/middle\/wp-json\/wp\/v2\/media\/15167"}],"wp:attachment":[{"href":"https:\/\/irmak.k12.tr\/middle\/wp-json\/wp\/v2\/media?parent=15169"}],"wp:term":[{"taxonomy":"category","embeddable":true,"href":"https:\/\/irmak.k12.tr\/middle\/wp-json\/wp\/v2\/categories?post=15169"},{"taxonomy":"post_tag","embeddable":true,"href":"https:\/\/irmak.k12.tr\/middle\/wp-json\/wp\/v2\/tags?post=15169"}],"curies":[{"name":"wp","href":"https:\/\/api.w.org\/{rel}","templated":true}]}}