{"id":15147,"date":"2025-02-10T14:00:25","date_gmt":"2025-02-10T11:00:25","guid":{"rendered":"https:\/\/irmak.k12.tr\/middle\/?p=15147"},"modified":"2025-02-10T14:00:25","modified_gmt":"2025-02-10T11:00:25","slug":"dogu-yucel-ile-edebiyat-soylesisi","status":"publish","type":"post","link":"https:\/\/irmak.k12.tr\/middle\/dogu-yucel-ile-edebiyat-soylesisi\/","title":{"rendered":"Do\u011fu Y\u00dcCEL ile Edebiyat S\u00f6yle\u015fisi"},"content":{"rendered":"<div class=\"wpb-content-wrapper\"><p>[vc_row][vc_column][vc_column_text css=&#8221;&#8221;]<strong>8. s\u0131n\u0131f<\/strong> \u00f6\u011frencilerimiz, <strong>T\u00fcrk\u00e7e <\/strong>dersinde okuduklar\u0131 <strong>\u201cUzak D\u00fcnyalar\u201d<\/strong> roman\u0131n\u0131n yazar\u0131 <strong>Do\u011fu Y\u00dcCEL<\/strong> ile <strong>7 \u015eubat Cuma <\/strong>g\u00fcn\u00fc K\u00fclt\u00fcr Merkezi\u2019nde keyifli ve ilham dolu bir s\u00f6yle\u015fide bir araya geldi. Bu etkinlikte \u00f6\u011frencilerimiz, yazar\u0131n anlat\u0131m d\u00fcnyas\u0131na yak\u0131ndan tan\u0131kl\u0131k etme ve roman\u0131n derinliklerine dair sorular\u0131na yan\u0131t bulma f\u0131rsat\u0131 yakalad\u0131. Edebiyat ve yazarl\u0131k \u00fczerine samimi bir atmosferde ger\u00e7ekle\u015fen s\u00f6yle\u015fide, Do\u011fu Y\u00dcCEL yarat\u0131m s\u00fcrecine dair ilham verici deneyimlerini payla\u015f\u0131rken \u00f6\u011frenciler de bir hik\u00e2yenin nas\u0131l in\u015fa edildi\u011fini ke\u015ffettiler. Bu bulu\u015fma, gen\u00e7 okurlar\u0131n edebiyata duydu\u011fu ilgiyi peki\u015ftirirken onlar\u0131 kendi yaz\u0131n ser\u00fcvenlerine ad\u0131m atmaya te\u015fvik eden unutulmaz bir an\u0131 olarak haf\u0131zalara kaz\u0131nd\u0131.[\/vc_column_text][\/vc_column][\/vc_row][vc_row][vc_column][vc_gallery interval=&#8221;3&#8243; images=&#8221;15139,15140,15141,15142,15143,15144,15145&#8243; img_size=&#8221;1080&#215;800&#8243; css=&#8221;&#8221;][\/vc_column][\/vc_row]<\/p>\n<\/div>","protected":false},"excerpt":{"rendered":"<p>[vc_row][vc_column][vc_column_text css=&#8221;&#8221;]8. s\u0131n\u0131f \u00f6\u011frencilerimiz, T\u00fcrk\u00e7e dersinde okuduklar\u0131 \u201cUzak D\u00fcnyalar\u201d roman\u0131n\u0131n yazar\u0131 Do\u011fu Y\u00dcCEL ile 7 \u015eubat Cuma g\u00fcn\u00fc K\u00fclt\u00fcr Merkezi\u2019nde keyifli ve ilham dolu bir s\u00f6yle\u015fide bir araya geldi. Bu etkinlikte \u00f6\u011frencilerimiz, yazar\u0131n anlat\u0131m d\u00fcnyas\u0131na yak\u0131ndan tan\u0131kl\u0131k etme ve roman\u0131n derinliklerine dair sorular\u0131na yan\u0131t bulma f\u0131rsat\u0131 yakalad\u0131. Edebiyat ve yazarl\u0131k \u00fczerine samimi bir atmosferde ger\u00e7ekle\u015fen [&hellip;]<\/p>\n","protected":false},"author":3,"featured_media":15139,"comment_status":"closed","ping_status":"closed","sticky":false,"template":"","format":"standard","meta":{"footnotes":""},"categories":[112],"tags":[],"class_list":["post-15147","post","type-post","status-publish","format-standard","has-post-thumbnail","hentry","category-etkinlikler"],"_links":{"self":[{"href":"https:\/\/irmak.k12.tr\/middle\/wp-json\/wp\/v2\/posts\/15147","targetHints":{"allow":["GET"]}}],"collection":[{"href":"https:\/\/irmak.k12.tr\/middle\/wp-json\/wp\/v2\/posts"}],"about":[{"href":"https:\/\/irmak.k12.tr\/middle\/wp-json\/wp\/v2\/types\/post"}],"author":[{"embeddable":true,"href":"https:\/\/irmak.k12.tr\/middle\/wp-json\/wp\/v2\/users\/3"}],"replies":[{"embeddable":true,"href":"https:\/\/irmak.k12.tr\/middle\/wp-json\/wp\/v2\/comments?post=15147"}],"version-history":[{"count":1,"href":"https:\/\/irmak.k12.tr\/middle\/wp-json\/wp\/v2\/posts\/15147\/revisions"}],"predecessor-version":[{"id":15148,"href":"https:\/\/irmak.k12.tr\/middle\/wp-json\/wp\/v2\/posts\/15147\/revisions\/15148"}],"wp:featuredmedia":[{"embeddable":true,"href":"https:\/\/irmak.k12.tr\/middle\/wp-json\/wp\/v2\/media\/15139"}],"wp:attachment":[{"href":"https:\/\/irmak.k12.tr\/middle\/wp-json\/wp\/v2\/media?parent=15147"}],"wp:term":[{"taxonomy":"category","embeddable":true,"href":"https:\/\/irmak.k12.tr\/middle\/wp-json\/wp\/v2\/categories?post=15147"},{"taxonomy":"post_tag","embeddable":true,"href":"https:\/\/irmak.k12.tr\/middle\/wp-json\/wp\/v2\/tags?post=15147"}],"curies":[{"name":"wp","href":"https:\/\/api.w.org\/{rel}","templated":true}]}}