{"id":14573,"date":"2024-11-01T14:57:44","date_gmt":"2024-11-01T11:57:44","guid":{"rendered":"https:\/\/irmak.k12.tr\/middle\/?p=14573"},"modified":"2024-11-01T14:57:44","modified_gmt":"2024-11-01T11:57:44","slug":"ogrencimiz-lale-sirin-gocanin-yelken-basarisi-2","status":"publish","type":"post","link":"https:\/\/irmak.k12.tr\/middle\/ogrencimiz-lale-sirin-gocanin-yelken-basarisi-2\/","title":{"rendered":"\u00d6\u011frencimiz Lale \u015eirin Go\u00e7a\u2019n\u0131n Yelken Ba\u015far\u0131s\u0131"},"content":{"rendered":"<div class=\"wpb-content-wrapper\"><p>[vc_row][vc_column][vc_column_text css=&#8221;&#8221;]Lale \u015eirin Go\u00e7a 26-29 Ekim tarihlerinde \u0130stanbul\u2019da d\u00fczenlenen Cumhuriyet Bayram\u0131 Kupas\u0131 Yelken Yar\u0131\u015flar\u0131\u2019nda k\u0131zlarda 2. genelde 7. olarak yar\u0131\u015flar\u0131 ba\u015far\u0131yla tamamlam\u0131\u015ft\u0131r. \u00d6\u011frencimizi tebrik eder, ba\u015far\u0131lar\u0131n\u0131n devam\u0131n\u0131 dileriz.[\/vc_column_text][\/vc_column][\/vc_row][vc_row][vc_column][vc_gallery interval=&#8221;3&#8243; images=&#8221;14571&#8243; img_size=&#8221;1080&#215;800&#8243; css=&#8221;&#8221;][\/vc_column][\/vc_row]<\/p>\n<\/div>","protected":false},"excerpt":{"rendered":"<p>[vc_row][vc_column][vc_column_text css=&#8221;&#8221;]Lale \u015eirin Go\u00e7a 26-29 Ekim tarihlerinde \u0130stanbul\u2019da d\u00fczenlenen Cumhuriyet Bayram\u0131 Kupas\u0131 Yelken Yar\u0131\u015flar\u0131\u2019nda k\u0131zlarda 2. genelde 7. olarak yar\u0131\u015flar\u0131 ba\u015far\u0131yla tamamlam\u0131\u015ft\u0131r. \u00d6\u011frencimizi tebrik eder, ba\u015far\u0131lar\u0131n\u0131n devam\u0131n\u0131 dileriz.[\/vc_column_text][\/vc_column][\/vc_row][vc_row][vc_column][vc_gallery interval=&#8221;3&#8243; images=&#8221;14571&#8243; img_size=&#8221;1080&#215;800&#8243; css=&#8221;&#8221;][\/vc_column][\/vc_row]<\/p>\n","protected":false},"author":3,"featured_media":14571,"comment_status":"closed","ping_status":"closed","sticky":false,"template":"","format":"standard","meta":{"footnotes":""},"categories":[26,112],"tags":[],"class_list":["post-14573","post","type-post","status-publish","format-standard","has-post-thumbnail","hentry","category-basarilar","category-etkinlikler"],"_links":{"self":[{"href":"https:\/\/irmak.k12.tr\/middle\/wp-json\/wp\/v2\/posts\/14573","targetHints":{"allow":["GET"]}}],"collection":[{"href":"https:\/\/irmak.k12.tr\/middle\/wp-json\/wp\/v2\/posts"}],"about":[{"href":"https:\/\/irmak.k12.tr\/middle\/wp-json\/wp\/v2\/types\/post"}],"author":[{"embeddable":true,"href":"https:\/\/irmak.k12.tr\/middle\/wp-json\/wp\/v2\/users\/3"}],"replies":[{"embeddable":true,"href":"https:\/\/irmak.k12.tr\/middle\/wp-json\/wp\/v2\/comments?post=14573"}],"version-history":[{"count":1,"href":"https:\/\/irmak.k12.tr\/middle\/wp-json\/wp\/v2\/posts\/14573\/revisions"}],"predecessor-version":[{"id":14574,"href":"https:\/\/irmak.k12.tr\/middle\/wp-json\/wp\/v2\/posts\/14573\/revisions\/14574"}],"wp:featuredmedia":[{"embeddable":true,"href":"https:\/\/irmak.k12.tr\/middle\/wp-json\/wp\/v2\/media\/14571"}],"wp:attachment":[{"href":"https:\/\/irmak.k12.tr\/middle\/wp-json\/wp\/v2\/media?parent=14573"}],"wp:term":[{"taxonomy":"category","embeddable":true,"href":"https:\/\/irmak.k12.tr\/middle\/wp-json\/wp\/v2\/categories?post=14573"},{"taxonomy":"post_tag","embeddable":true,"href":"https:\/\/irmak.k12.tr\/middle\/wp-json\/wp\/v2\/tags?post=14573"}],"curies":[{"name":"wp","href":"https:\/\/api.w.org\/{rel}","templated":true}]}}