{"id":12359,"date":"2023-08-29T13:00:13","date_gmt":"2023-08-29T10:00:13","guid":{"rendered":"https:\/\/irmak.k12.tr\/middle\/?p=12359"},"modified":"2023-08-29T13:00:13","modified_gmt":"2023-08-29T10:00:13","slug":"ortaokul-ogrencilerimizin-yelken-basarilari-2","status":"publish","type":"post","link":"https:\/\/irmak.k12.tr\/middle\/ortaokul-ogrencilerimizin-yelken-basarilari-2\/","title":{"rendered":"Ortaokul \u00d6\u011frencilerimizin Yelken Ba\u015far\u0131lar\u0131"},"content":{"rendered":"<div class=\"wpb-content-wrapper\"><p>[vc_row][vc_column][vc_column_text]26 &#8211; 27 A\u011fustos tarihlerinde ger\u00e7ekle\u015fen Marmara Yelken Yar\u0131\u015flar\u0131&#8217;nda\u00a0 \u00f6\u011frencilerimizden Elif Terece, Optimist Junior Genel klasmanda \u00fc\u00e7\u00fcnc\u00fc, Optimist Junior K\u0131zlar klasman\u0131nda birinci; Can Erden Optimist Genel klasmanda be\u015finci olmu\u015ftur. \u00d6\u011frencilerimizi kutluyor, ba\u015far\u0131lar\u0131n\u0131n devam\u0131n\u0131 diliyoruz.[\/vc_column_text][\/vc_column][\/vc_row][vc_row][vc_column][vc_gallery interval=&#8221;3&#8243; images=&#8221;12354,12355,12356,12357&#8243; img_size=&#8221;1080&#215;800&#8243;][\/vc_column][\/vc_row]<\/p>\n<\/div>","protected":false},"excerpt":{"rendered":"<p>[vc_row][vc_column][vc_column_text]26 &#8211; 27 A\u011fustos tarihlerinde ger\u00e7ekle\u015fen Marmara Yelken Yar\u0131\u015flar\u0131&#8217;nda\u00a0 \u00f6\u011frencilerimizden Elif Terece, Optimist Junior Genel klasmanda \u00fc\u00e7\u00fcnc\u00fc, Optimist Junior K\u0131zlar klasman\u0131nda birinci; Can Erden Optimist Genel klasmanda be\u015finci olmu\u015ftur. \u00d6\u011frencilerimizi kutluyor, ba\u015far\u0131lar\u0131n\u0131n devam\u0131n\u0131 diliyoruz.[\/vc_column_text][\/vc_column][\/vc_row][vc_row][vc_column][vc_gallery interval=&#8221;3&#8243; images=&#8221;12354,12355,12356,12357&#8243; img_size=&#8221;1080&#215;800&#8243;][\/vc_column][\/vc_row]<\/p>\n","protected":false},"author":3,"featured_media":12354,"comment_status":"closed","ping_status":"closed","sticky":false,"template":"","format":"standard","meta":{"footnotes":""},"categories":[26,112],"tags":[],"class_list":["post-12359","post","type-post","status-publish","format-standard","has-post-thumbnail","hentry","category-basarilar","category-etkinlikler"],"_links":{"self":[{"href":"https:\/\/irmak.k12.tr\/middle\/wp-json\/wp\/v2\/posts\/12359","targetHints":{"allow":["GET"]}}],"collection":[{"href":"https:\/\/irmak.k12.tr\/middle\/wp-json\/wp\/v2\/posts"}],"about":[{"href":"https:\/\/irmak.k12.tr\/middle\/wp-json\/wp\/v2\/types\/post"}],"author":[{"embeddable":true,"href":"https:\/\/irmak.k12.tr\/middle\/wp-json\/wp\/v2\/users\/3"}],"replies":[{"embeddable":true,"href":"https:\/\/irmak.k12.tr\/middle\/wp-json\/wp\/v2\/comments?post=12359"}],"version-history":[{"count":0,"href":"https:\/\/irmak.k12.tr\/middle\/wp-json\/wp\/v2\/posts\/12359\/revisions"}],"wp:featuredmedia":[{"embeddable":true,"href":"https:\/\/irmak.k12.tr\/middle\/wp-json\/wp\/v2\/media\/12354"}],"wp:attachment":[{"href":"https:\/\/irmak.k12.tr\/middle\/wp-json\/wp\/v2\/media?parent=12359"}],"wp:term":[{"taxonomy":"category","embeddable":true,"href":"https:\/\/irmak.k12.tr\/middle\/wp-json\/wp\/v2\/categories?post=12359"},{"taxonomy":"post_tag","embeddable":true,"href":"https:\/\/irmak.k12.tr\/middle\/wp-json\/wp\/v2\/tags?post=12359"}],"curies":[{"name":"wp","href":"https:\/\/api.w.org\/{rel}","templated":true}]}}