{"id":12341,"date":"2023-06-09T11:40:09","date_gmt":"2023-06-09T08:40:09","guid":{"rendered":"https:\/\/irmak.k12.tr\/middle\/?p=12341"},"modified":"2023-08-08T14:28:46","modified_gmt":"2023-08-08T11:28:46","slug":"ortaokul-ogrencilerimizin-yelken-basarilari","status":"publish","type":"post","link":"https:\/\/irmak.k12.tr\/middle\/ortaokul-ogrencilerimizin-yelken-basarilari\/","title":{"rendered":"Ortaokul \u00d6\u011frencilerimizin Yelken Ba\u015far\u0131lar\u0131"},"content":{"rendered":"<div class=\"wpb-content-wrapper\"><p>[vc_row][vc_column][vc_column_text]22 &#8211; 23 Temmuz tarihlerinde \u0130stanbul\u2019da d\u00fczenlenen Marmara Yelken Kul\u00fcb\u00fc Kupas\u0131&#8217;nda ortaokul \u00f6\u011frencilerimizden Can ERDEN, optimist genel kategorisinde ikinci; Alize Duru B\u0130R\u0130NKULU, optimist genel kategorisinde d\u00f6rd\u00fcnc\u00fc &#8211; k\u0131zlar kategorisinde birinci olmu\u015ftur. \u00d6\u011frencilerimizi kutluyor, ba\u015far\u0131lar\u0131n\u0131n devam\u0131n\u0131 diliyoruz.[\/vc_column_text][\/vc_column][\/vc_row][vc_row][vc_column][vc_single_image image=&#8221;12339&#8243; img_size=&#8221;1080&#215;800&#8243;][\/vc_column][\/vc_row]<\/p>\n<\/div>","protected":false},"excerpt":{"rendered":"<p>[vc_row][vc_column][vc_column_text]22 &#8211; 23 Temmuz tarihlerinde \u0130stanbul\u2019da d\u00fczenlenen Marmara Yelken Kul\u00fcb\u00fc Kupas\u0131&#8217;nda ortaokul \u00f6\u011frencilerimizden Can ERDEN, optimist genel kategorisinde ikinci; Alize Duru B\u0130R\u0130NKULU, optimist genel kategorisinde d\u00f6rd\u00fcnc\u00fc &#8211; k\u0131zlar kategorisinde birinci olmu\u015ftur. \u00d6\u011frencilerimizi kutluyor, ba\u015far\u0131lar\u0131n\u0131n devam\u0131n\u0131 diliyoruz.[\/vc_column_text][\/vc_column][\/vc_row][vc_row][vc_column][vc_single_image image=&#8221;12339&#8243; img_size=&#8221;1080&#215;800&#8243;][\/vc_column][\/vc_row]<\/p>\n","protected":false},"author":3,"featured_media":12339,"comment_status":"closed","ping_status":"closed","sticky":false,"template":"","format":"standard","meta":{"footnotes":""},"categories":[26,112],"tags":[],"class_list":["post-12341","post","type-post","status-publish","format-standard","has-post-thumbnail","hentry","category-basarilar","category-etkinlikler"],"_links":{"self":[{"href":"https:\/\/irmak.k12.tr\/middle\/wp-json\/wp\/v2\/posts\/12341","targetHints":{"allow":["GET"]}}],"collection":[{"href":"https:\/\/irmak.k12.tr\/middle\/wp-json\/wp\/v2\/posts"}],"about":[{"href":"https:\/\/irmak.k12.tr\/middle\/wp-json\/wp\/v2\/types\/post"}],"author":[{"embeddable":true,"href":"https:\/\/irmak.k12.tr\/middle\/wp-json\/wp\/v2\/users\/3"}],"replies":[{"embeddable":true,"href":"https:\/\/irmak.k12.tr\/middle\/wp-json\/wp\/v2\/comments?post=12341"}],"version-history":[{"count":0,"href":"https:\/\/irmak.k12.tr\/middle\/wp-json\/wp\/v2\/posts\/12341\/revisions"}],"wp:featuredmedia":[{"embeddable":true,"href":"https:\/\/irmak.k12.tr\/middle\/wp-json\/wp\/v2\/media\/12339"}],"wp:attachment":[{"href":"https:\/\/irmak.k12.tr\/middle\/wp-json\/wp\/v2\/media?parent=12341"}],"wp:term":[{"taxonomy":"category","embeddable":true,"href":"https:\/\/irmak.k12.tr\/middle\/wp-json\/wp\/v2\/categories?post=12341"},{"taxonomy":"post_tag","embeddable":true,"href":"https:\/\/irmak.k12.tr\/middle\/wp-json\/wp\/v2\/tags?post=12341"}],"curies":[{"name":"wp","href":"https:\/\/api.w.org\/{rel}","templated":true}]}}