{"id":12864,"date":"2025-09-08T08:29:35","date_gmt":"2025-09-08T05:29:35","guid":{"rendered":"https:\/\/irmak.k12.tr\/kindergarten\/?p=12864"},"modified":"2025-09-08T08:30:56","modified_gmt":"2025-09-08T05:30:56","slug":"welcoming-the-new-academic-year","status":"publish","type":"post","link":"https:\/\/irmak.k12.tr\/kindergarten\/welcoming-the-new-academic-year\/","title":{"rendered":"Welcoming the New Academic Year!"},"content":{"rendered":"<div class=\"wpb-content-wrapper\"><p>[vc_row][vc_column][vc_column_text css=&#8221;&#8221;]<\/p>\n<div>\n<p>On Saturday, September 6th, we held our <strong>Kindergarten Operations<\/strong><\/p>\n<p><strong>Meeting<\/strong> with a presentation by our School Principal, <strong>Ms. Tuba Yoleri<\/strong>.<\/p>\n<p>During the meeting, we shared important information with our valued parents about our preschool&#8217;s daily routines, educational approach, and developmental programs that support our students throughout the year.<\/p>\n<p>After the general session, parents visited their children&#8217;s classrooms to meet with the homeroom teachers and receive personalized information.<\/p>\n<p>We would like to thank all our parents for joining us on this meaningful day.<br \/>\nTogether, we are ready for a wonderful year full of growth and learning!<\/p>\n<\/div>\n<p><a href=\"https:\/\/irmak.k12.tr\/kindergarten\/yeni-egitim-ogretim-yilina-merhaba\/\"><strong>Haberin T\u00fcrk\u00e7esi i\u00e7in t\u0131klay\u0131n\u0131z.<\/strong><\/a>[\/vc_column_text][\/vc_column][\/vc_row][vc_row][vc_column][vc_gallery interval=&#8221;3&#8243; images=&#8221;12865,12866,12867,12868,12869,12870&#8243; img_size=&#8221;1080&#215;800&#8243; css=&#8221;&#8221;][\/vc_column][\/vc_row]<\/p>\n<\/div>","protected":false},"excerpt":{"rendered":"<p>[vc_row][vc_column][vc_column_text css=&#8221;&#8221;] On Saturday, September 6th, we held our Kindergarten Operations Meeting with a presentation by our School Principal, Ms. Tuba Yoleri. During the meeting, we shared important information with our valued parents about our preschool&#8217;s daily routines, educational approach, and developmental programs that support our students throughout the year. After the general session, parents [&hellip;]<\/p>\n","protected":false},"author":3,"featured_media":12867,"comment_status":"closed","ping_status":"closed","sticky":false,"template":"","format":"standard","meta":{"footnotes":""},"categories":[52],"tags":[],"class_list":["post-12864","post","type-post","status-publish","format-standard","has-post-thumbnail","hentry","category-events"],"_links":{"self":[{"href":"https:\/\/irmak.k12.tr\/kindergarten\/wp-json\/wp\/v2\/posts\/12864","targetHints":{"allow":["GET"]}}],"collection":[{"href":"https:\/\/irmak.k12.tr\/kindergarten\/wp-json\/wp\/v2\/posts"}],"about":[{"href":"https:\/\/irmak.k12.tr\/kindergarten\/wp-json\/wp\/v2\/types\/post"}],"author":[{"embeddable":true,"href":"https:\/\/irmak.k12.tr\/kindergarten\/wp-json\/wp\/v2\/users\/3"}],"replies":[{"embeddable":true,"href":"https:\/\/irmak.k12.tr\/kindergarten\/wp-json\/wp\/v2\/comments?post=12864"}],"version-history":[{"count":2,"href":"https:\/\/irmak.k12.tr\/kindergarten\/wp-json\/wp\/v2\/posts\/12864\/revisions"}],"predecessor-version":[{"id":12874,"href":"https:\/\/irmak.k12.tr\/kindergarten\/wp-json\/wp\/v2\/posts\/12864\/revisions\/12874"}],"wp:featuredmedia":[{"embeddable":true,"href":"https:\/\/irmak.k12.tr\/kindergarten\/wp-json\/wp\/v2\/media\/12867"}],"wp:attachment":[{"href":"https:\/\/irmak.k12.tr\/kindergarten\/wp-json\/wp\/v2\/media?parent=12864"}],"wp:term":[{"taxonomy":"category","embeddable":true,"href":"https:\/\/irmak.k12.tr\/kindergarten\/wp-json\/wp\/v2\/categories?post=12864"},{"taxonomy":"post_tag","embeddable":true,"href":"https:\/\/irmak.k12.tr\/kindergarten\/wp-json\/wp\/v2\/tags?post=12864"}],"curies":[{"name":"wp","href":"https:\/\/api.w.org\/{rel}","templated":true}]}}