{"id":12853,"date":"2025-08-27T13:04:10","date_gmt":"2025-08-27T10:04:10","guid":{"rendered":"https:\/\/irmak.k12.tr\/kindergarten\/?p=12853"},"modified":"2025-08-27T13:05:42","modified_gmt":"2025-08-27T10:05:42","slug":"primary-school-classes-for-2025-2026-are-now-announced","status":"publish","type":"post","link":"https:\/\/irmak.k12.tr\/kindergarten\/primary-school-classes-for-2025-2026-are-now-announced\/","title":{"rendered":"Primary School Classes for 2025\u20132026 Are Now Announced!"},"content":{"rendered":"<div class=\"wpb-content-wrapper\"><p>[vc_row][vc_column][vc_column_text css=&#8221;&#8221;]<\/p>\n<div>\n<p>We have completed the class draw for the 2025\u20132026 academic year. Primary school sections and their teachers have been assigned.<br \/>\nWe wish our students and teachers a successful year filled with joy and memorable experiences.<br \/>\nParents who were unable to join our Zoom meeting may contact the Student Affairs Office via email for further information.<\/p>\n<\/div>\n<p><a href=\"https:\/\/irmak.k12.tr\/kindergarten\/2025-2026-egitim-ogretim-yili-ilkokul-subelerimiz-belirlendi\/\"><strong>Haberin T\u00fcrk\u00e7esi i\u00e7in t\u0131klay\u0131n\u0131z.<\/strong><\/a>[\/vc_column_text][\/vc_column][\/vc_row][vc_row][vc_column][vc_gallery interval=&#8221;3&#8243; images=&#8221;12854,12855,12856,12857,12858&#8243; img_size=&#8221;1080&#215;800&#8243; css=&#8221;&#8221;][\/vc_column][\/vc_row]<\/p>\n<\/div>","protected":false},"excerpt":{"rendered":"<p>[vc_row][vc_column][vc_column_text css=&#8221;&#8221;] We have completed the class draw for the 2025\u20132026 academic year. Primary school sections and their teachers have been assigned. We wish our students and teachers a successful year filled with joy and memorable experiences. Parents who were unable to join our Zoom meeting may contact the Student Affairs Office via email for [&hellip;]<\/p>\n","protected":false},"author":3,"featured_media":12854,"comment_status":"closed","ping_status":"closed","sticky":false,"template":"","format":"standard","meta":{"footnotes":""},"categories":[52],"tags":[],"class_list":["post-12853","post","type-post","status-publish","format-standard","has-post-thumbnail","hentry","category-events"],"_links":{"self":[{"href":"https:\/\/irmak.k12.tr\/kindergarten\/wp-json\/wp\/v2\/posts\/12853","targetHints":{"allow":["GET"]}}],"collection":[{"href":"https:\/\/irmak.k12.tr\/kindergarten\/wp-json\/wp\/v2\/posts"}],"about":[{"href":"https:\/\/irmak.k12.tr\/kindergarten\/wp-json\/wp\/v2\/types\/post"}],"author":[{"embeddable":true,"href":"https:\/\/irmak.k12.tr\/kindergarten\/wp-json\/wp\/v2\/users\/3"}],"replies":[{"embeddable":true,"href":"https:\/\/irmak.k12.tr\/kindergarten\/wp-json\/wp\/v2\/comments?post=12853"}],"version-history":[{"count":2,"href":"https:\/\/irmak.k12.tr\/kindergarten\/wp-json\/wp\/v2\/posts\/12853\/revisions"}],"predecessor-version":[{"id":12862,"href":"https:\/\/irmak.k12.tr\/kindergarten\/wp-json\/wp\/v2\/posts\/12853\/revisions\/12862"}],"wp:featuredmedia":[{"embeddable":true,"href":"https:\/\/irmak.k12.tr\/kindergarten\/wp-json\/wp\/v2\/media\/12854"}],"wp:attachment":[{"href":"https:\/\/irmak.k12.tr\/kindergarten\/wp-json\/wp\/v2\/media?parent=12853"}],"wp:term":[{"taxonomy":"category","embeddable":true,"href":"https:\/\/irmak.k12.tr\/kindergarten\/wp-json\/wp\/v2\/categories?post=12853"},{"taxonomy":"post_tag","embeddable":true,"href":"https:\/\/irmak.k12.tr\/kindergarten\/wp-json\/wp\/v2\/tags?post=12853"}],"curies":[{"name":"wp","href":"https:\/\/api.w.org\/{rel}","templated":true}]}}