{"id":12487,"date":"2024-10-14T09:14:34","date_gmt":"2024-10-14T06:14:34","guid":{"rendered":"https:\/\/irmak.k12.tr\/kindergarten\/?p=12487"},"modified":"2024-10-22T15:27:06","modified_gmt":"2024-10-22T12:27:06","slug":"kirmizi-rengi-ogrenmemizi-eglenceli-aktivitelerle-bir-partiye-donusturduk","status":"publish","type":"post","link":"https:\/\/irmak.k12.tr\/kindergarten\/kirmizi-rengi-ogrenmemizi-eglenceli-aktivitelerle-bir-partiye-donusturduk\/","title":{"rendered":"K\u0131rm\u0131z\u0131 rengi \u00f6\u011frenmemizi e\u011flenceli aktivitelerle bir partiye d\u00f6n\u00fc\u015ft\u00fcrd\u00fck!"},"content":{"rendered":"<div class=\"wpb-content-wrapper\"><p>[vc_row][vc_column][vc_column_text]Anaokulunda renkleri, \u015fekilleri ve say\u0131lar\u0131 \u00f6\u011freniyor ve bunlar\u0131 e\u011flenceli bir partiye d\u00f6n\u00fc\u015ft\u00fcr\u00fcyoruz. \u00d6\u011frencilerimiz oyun kavram\u0131n\u0131 temel alan e\u011flenceli etkinliklerle \u00f6\u011freniyorlar.<\/p>\n<p>Bu hafta kendimizi K\u0131rm\u0131z\u0131 rengi \u00f6\u011frenmemizi e\u011flenceli aktivitelerle bir partiye d\u00f6n\u00fc\u015ft\u00fcrd\u00fck![\/vc_column_text][\/vc_column][\/vc_row][vc_row][vc_column][vc_gallery interval=&#8221;3&#8243; images=&#8221;12488,12489,12490,12491&#8243; img_size=&#8221;1080&#215;800&#8243;][\/vc_column][\/vc_row]<\/p>\n<\/div>","protected":false},"excerpt":{"rendered":"<p>[vc_row][vc_column][vc_column_text]Anaokulunda renkleri, \u015fekilleri ve say\u0131lar\u0131 \u00f6\u011freniyor ve bunlar\u0131 e\u011flenceli bir partiye d\u00f6n\u00fc\u015ft\u00fcr\u00fcyoruz. \u00d6\u011frencilerimiz oyun kavram\u0131n\u0131 temel alan e\u011flenceli etkinliklerle \u00f6\u011freniyorlar. Bu hafta kendimizi K\u0131rm\u0131z\u0131 rengi \u00f6\u011frenmemizi e\u011flenceli aktivitelerle bir partiye d\u00f6n\u00fc\u015ft\u00fcrd\u00fck![\/vc_column_text][\/vc_column][\/vc_row][vc_row][vc_column][vc_gallery interval=&#8221;3&#8243; images=&#8221;12488,12489,12490,12491&#8243; img_size=&#8221;1080&#215;800&#8243;][\/vc_column][\/vc_row]<\/p>\n","protected":false},"author":2,"featured_media":12492,"comment_status":"closed","ping_status":"closed","sticky":false,"template":"","format":"standard","meta":{"footnotes":""},"categories":[2],"tags":[],"class_list":["post-12487","post","type-post","status-publish","format-standard","has-post-thumbnail","hentry","category-etkinlikler"],"_links":{"self":[{"href":"https:\/\/irmak.k12.tr\/kindergarten\/wp-json\/wp\/v2\/posts\/12487","targetHints":{"allow":["GET"]}}],"collection":[{"href":"https:\/\/irmak.k12.tr\/kindergarten\/wp-json\/wp\/v2\/posts"}],"about":[{"href":"https:\/\/irmak.k12.tr\/kindergarten\/wp-json\/wp\/v2\/types\/post"}],"author":[{"embeddable":true,"href":"https:\/\/irmak.k12.tr\/kindergarten\/wp-json\/wp\/v2\/users\/2"}],"replies":[{"embeddable":true,"href":"https:\/\/irmak.k12.tr\/kindergarten\/wp-json\/wp\/v2\/comments?post=12487"}],"version-history":[{"count":1,"href":"https:\/\/irmak.k12.tr\/kindergarten\/wp-json\/wp\/v2\/posts\/12487\/revisions"}],"predecessor-version":[{"id":12493,"href":"https:\/\/irmak.k12.tr\/kindergarten\/wp-json\/wp\/v2\/posts\/12487\/revisions\/12493"}],"wp:featuredmedia":[{"embeddable":true,"href":"https:\/\/irmak.k12.tr\/kindergarten\/wp-json\/wp\/v2\/media\/12492"}],"wp:attachment":[{"href":"https:\/\/irmak.k12.tr\/kindergarten\/wp-json\/wp\/v2\/media?parent=12487"}],"wp:term":[{"taxonomy":"category","embeddable":true,"href":"https:\/\/irmak.k12.tr\/kindergarten\/wp-json\/wp\/v2\/categories?post=12487"},{"taxonomy":"post_tag","embeddable":true,"href":"https:\/\/irmak.k12.tr\/kindergarten\/wp-json\/wp\/v2\/tags?post=12487"}],"curies":[{"name":"wp","href":"https:\/\/api.w.org\/{rel}","templated":true}]}}