{"id":9890,"date":"2022-12-11T18:23:50","date_gmt":"2022-12-11T18:23:50","guid":{"rendered":"https:\/\/irmak.k12.tr\/high\/?p=9890"},"modified":"2026-08-11T09:54:27","modified_gmt":"2026-08-11T06:54:27","slug":"we-commemorated-ataturk-with-gratitude-and-respect-2","status":"publish","type":"post","link":"https:\/\/irmak.k12.tr\/high\/we-commemorated-ataturk-with-gratitude-and-respect-2\/","title":{"rendered":"We commemorated Atat\u00fcrk with gratitude and respect"},"content":{"rendered":"<div class=\"wpb-content-wrapper\"><p>[vc_row][vc_column][vc_column_text]We commemorated the founder and eternal leader of the Republic of Turkey, Gazi Mustafa Kemal Atat\u00fcrk, with the ceremony we held.<\/p>\n<p>Our ceremony, which started with the presentation of a wreath, continued with the speech of the General Manager, Mr. Metin Yoleri, after the National Anthem and a moment of silence. While our secondary and primary school students watched the movie about the last days and the passing of Atat\u00fcrk in their classrooms, our high school students joined the \u201cChain of Respect to Ata\u201d on Caddebostan seaside at five past nine. Also, a group of our students stopped the traffic in front of our school with signs commemorating Atat\u00fcrk.<\/p>\n<p>We commemorate our Great Ancestor once again with respect, gratitude and longing on the 84th anniversary of his physical departure from us.[\/vc_column_text][\/vc_column][\/vc_row][vc_row][vc_column][vc_gallery interval=&#8221;3&#8243; images=&#8221;9143,9142,9141,9140,9139,9138,9137,9136,9135,9134&#8243; img_size=&#8221;280X210&#8243;][\/vc_column][\/vc_row]<\/p>\n<\/div>","protected":false},"excerpt":{"rendered":"<p>[vc_row][vc_column][vc_column_text]We commemorated the founder and eternal leader of the Republic of Turkey, Gazi Mustafa Kemal Atat\u00fcrk, with the ceremony we held. Our ceremony, which started with the presentation of a wreath, continued with the speech of the General Manager, Mr. Metin Yoleri, after the National Anthem and a moment of silence. While our secondary and [&hellip;]<\/p>\n","protected":false},"author":1,"featured_media":9141,"comment_status":"open","ping_status":"open","sticky":false,"template":"","format":"standard","meta":{"footnotes":""},"categories":[52],"tags":[],"class_list":["post-9890","post","type-post","status-publish","format-standard","has-post-thumbnail","hentry","category-events"],"yoast_head":"<!-- This site is optimized with the Yoast SEO plugin v28.1 - https:\/\/yoast.com\/product\/yoast-seo-wordpress\/ -->\n<title>Commemorating Atat\u00fcrk with Gratitude | Irmak Okullar\u0131<\/title>\n<meta name=\"description\" content=\"Irmak Schools commemorated Mustafa Kemal Atat\u00fcrk through a meaningful ceremony reflecting respect, gratitude and remembrance across the school community.\" \/>\n<meta name=\"robots\" content=\"index, follow, max-snippet:-1, max-image-preview:large, max-video-preview:-1\" \/>\n<link rel=\"canonical\" href=\"https:\/\/irmak.k12.tr\/high\/we-commemorated-ataturk-with-gratitude-and-respect-2\/\" \/>\n<meta property=\"og:locale\" content=\"tr_TR\" \/>\n<meta property=\"og:type\" content=\"article\" \/>\n<meta property=\"og:title\" content=\"Commemorating Atat\u00fcrk with Gratitude | Irmak Okullar\u0131\" \/>\n<meta property=\"og:description\" content=\"Irmak Schools commemorated Mustafa Kemal Atat\u00fcrk through a meaningful ceremony reflecting respect, gratitude and remembrance across the school community.\" \/>\n<meta property=\"og:url\" content=\"https:\/\/irmak.k12.tr\/high\/we-commemorated-ataturk-with-gratitude-and-respect-2\/\" \/>\n<meta property=\"og:site_name\" content=\"High School - Irmak Schools\" \/>\n<meta property=\"article:published_time\" content=\"2022-12-11T18:23:50+00:00\" \/>\n<meta property=\"article:modified_time\" content=\"2026-08-11T06:54:27+00:00\" \/>\n<meta property=\"og:image\" content=\"https:\/\/irmak.k12.tr\/high\/wp-content\/uploads\/2022\/12\/irmak-okullari-etkinlik-52135-10-kasimda-atamizi-saygi-ve-minnetle-andik-53-969-10-37-0-tr-picture-1.jpeg\" \/>\n\t<meta property=\"og:image:width\" content=\"1024\" \/>\n\t<meta property=\"og:image:height\" content=\"683\" \/>\n\t<meta property=\"og:image:type\" content=\"image\/jpeg\" \/>\n<meta name=\"author\" content=\"irmak\" \/>\n<meta name=\"twitter:card\" content=\"summary_large_image\" \/>\n<meta name=\"twitter:label1\" content=\"Yazan:\" \/>\n\t<meta name=\"twitter:data1\" content=\"irmak\" \/>\n\t<meta name=\"twitter:label2\" content=\"Tahmini okuma s\u00fcresi\" \/>\n\t<meta name=\"twitter:data2\" content=\"2 dakika\" \/>\n<script type=\"application\/ld+json\" class=\"yoast-schema-graph\">{\"@context\":\"https:\\\/\\\/schema.org\",\"@graph\":[{\"@type\":\"Article\",\"@id\":\"https:\\\/\\\/irmak.k12.tr\\\/high\\\/we-commemorated-ataturk-with-gratitude-and-respect-2\\\/#article\",\"isPartOf\":{\"@id\":\"https:\\\/\\\/irmak.k12.tr\\\/high\\\/we-commemorated-ataturk-with-gratitude-and-respect-2\\\/\"},\"author\":{\"name\":\"irmak\",\"@id\":\"https:\\\/\\\/irmak.k12.tr\\\/high\\\/#\\\/schema\\\/person\\\/bf32f47e84935cc9204dc16c182db944\"},\"headline\":\"We commemorated Atat\u00fcrk with gratitude and respect\",\"datePublished\":\"2022-12-11T18:23:50+00:00\",\"dateModified\":\"2026-08-11T06:54:27+00:00\",\"mainEntityOfPage\":{\"@id\":\"https:\\\/\\\/irmak.k12.tr\\\/high\\\/we-commemorated-ataturk-with-gratitude-and-respect-2\\\/\"},\"wordCount\":171,\"commentCount\":0,\"publisher\":{\"@id\":\"https:\\\/\\\/irmak.k12.tr\\\/high\\\/#organization\"},\"image\":{\"@id\":\"https:\\\/\\\/irmak.k12.tr\\\/high\\\/we-commemorated-ataturk-with-gratitude-and-respect-2\\\/#primaryimage\"},\"thumbnailUrl\":\"https:\\\/\\\/irmak.k12.tr\\\/high\\\/wp-content\\\/uploads\\\/2022\\\/12\\\/irmak-okullari-etkinlik-52135-10-kasimda-atamizi-saygi-ve-minnetle-andik-53-969-10-37-0-tr-picture-1.jpeg\",\"articleSection\":[\"Events-Etkinlikler\"],\"inLanguage\":\"tr\",\"potentialAction\":[{\"@type\":\"CommentAction\",\"name\":\"Comment\",\"target\":[\"https:\\\/\\\/irmak.k12.tr\\\/high\\\/we-commemorated-ataturk-with-gratitude-and-respect-2\\\/#respond\"]}]},{\"@type\":\"WebPage\",\"@id\":\"https:\\\/\\\/irmak.k12.tr\\\/high\\\/we-commemorated-ataturk-with-gratitude-and-respect-2\\\/\",\"url\":\"https:\\\/\\\/irmak.k12.tr\\\/high\\\/we-commemorated-ataturk-with-gratitude-and-respect-2\\\/\",\"name\":\"Commemorating Atat\u00fcrk with Gratitude | Irmak Okullar\u0131\",\"isPartOf\":{\"@id\":\"https:\\\/\\\/irmak.k12.tr\\\/high\\\/#website\"},\"primaryImageOfPage\":{\"@id\":\"https:\\\/\\\/irmak.k12.tr\\\/high\\\/we-commemorated-ataturk-with-gratitude-and-respect-2\\\/#primaryimage\"},\"image\":{\"@id\":\"https:\\\/\\\/irmak.k12.tr\\\/high\\\/we-commemorated-ataturk-with-gratitude-and-respect-2\\\/#primaryimage\"},\"thumbnailUrl\":\"https:\\\/\\\/irmak.k12.tr\\\/high\\\/wp-content\\\/uploads\\\/2022\\\/12\\\/irmak-okullari-etkinlik-52135-10-kasimda-atamizi-saygi-ve-minnetle-andik-53-969-10-37-0-tr-picture-1.jpeg\",\"datePublished\":\"2022-12-11T18:23:50+00:00\",\"dateModified\":\"2026-08-11T06:54:27+00:00\",\"description\":\"Irmak Schools commemorated Mustafa Kemal Atat\u00fcrk through a meaningful ceremony reflecting respect, gratitude and remembrance across the school community.\",\"breadcrumb\":{\"@id\":\"https:\\\/\\\/irmak.k12.tr\\\/high\\\/we-commemorated-ataturk-with-gratitude-and-respect-2\\\/#breadcrumb\"},\"inLanguage\":\"tr\",\"potentialAction\":[{\"@type\":\"ReadAction\",\"target\":[\"https:\\\/\\\/irmak.k12.tr\\\/high\\\/we-commemorated-ataturk-with-gratitude-and-respect-2\\\/\"]}]},{\"@type\":\"ImageObject\",\"inLanguage\":\"tr\",\"@id\":\"https:\\\/\\\/irmak.k12.tr\\\/high\\\/we-commemorated-ataturk-with-gratitude-and-respect-2\\\/#primaryimage\",\"url\":\"https:\\\/\\\/irmak.k12.tr\\\/high\\\/wp-content\\\/uploads\\\/2022\\\/12\\\/irmak-okullari-etkinlik-52135-10-kasimda-atamizi-saygi-ve-minnetle-andik-53-969-10-37-0-tr-picture-1.jpeg\",\"contentUrl\":\"https:\\\/\\\/irmak.k12.tr\\\/high\\\/wp-content\\\/uploads\\\/2022\\\/12\\\/irmak-okullari-etkinlik-52135-10-kasimda-atamizi-saygi-ve-minnetle-andik-53-969-10-37-0-tr-picture-1.jpeg\",\"width\":1024,\"height\":683},{\"@type\":\"BreadcrumbList\",\"@id\":\"https:\\\/\\\/irmak.k12.tr\\\/high\\\/we-commemorated-ataturk-with-gratitude-and-respect-2\\\/#breadcrumb\",\"itemListElement\":[{\"@type\":\"ListItem\",\"position\":1,\"name\":\"Anasayfa\",\"item\":\"https:\\\/\\\/irmak.k12.tr\\\/high\\\/\"},{\"@type\":\"ListItem\",\"position\":2,\"name\":\"We commemorated Atat\u00fcrk with gratitude and respect\"}]},{\"@type\":\"WebSite\",\"@id\":\"https:\\\/\\\/irmak.k12.tr\\\/high\\\/#website\",\"url\":\"https:\\\/\\\/irmak.k12.tr\\\/high\\\/\",\"name\":\"High School - Irmak Schools\",\"description\":\"\",\"publisher\":{\"@id\":\"https:\\\/\\\/irmak.k12.tr\\\/high\\\/#organization\"},\"potentialAction\":[{\"@type\":\"SearchAction\",\"target\":{\"@type\":\"EntryPoint\",\"urlTemplate\":\"https:\\\/\\\/irmak.k12.tr\\\/high\\\/?s={search_term_string}\"},\"query-input\":{\"@type\":\"PropertyValueSpecification\",\"valueRequired\":true,\"valueName\":\"search_term_string\"}}],\"inLanguage\":\"tr\"},{\"@type\":\"Organization\",\"@id\":\"https:\\\/\\\/irmak.k12.tr\\\/high\\\/#organization\",\"name\":\"High School - Irmak Schools\",\"url\":\"https:\\\/\\\/irmak.k12.tr\\\/high\\\/\",\"logo\":{\"@type\":\"ImageObject\",\"inLanguage\":\"tr\",\"@id\":\"https:\\\/\\\/irmak.k12.tr\\\/high\\\/#\\\/schema\\\/logo\\\/image\\\/\",\"url\":\"https:\\\/\\\/irmak.k12.tr\\\/high\\\/wp-content\\\/uploads\\\/2026\\\/07\\\/lise-en-logo.png\",\"contentUrl\":\"https:\\\/\\\/irmak.k12.tr\\\/high\\\/wp-content\\\/uploads\\\/2026\\\/07\\\/lise-en-logo.png\",\"width\":200,\"height\":190,\"caption\":\"High School - Irmak Schools\"},\"image\":{\"@id\":\"https:\\\/\\\/irmak.k12.tr\\\/high\\\/#\\\/schema\\\/logo\\\/image\\\/\"}},{\"@type\":\"Person\",\"@id\":\"https:\\\/\\\/irmak.k12.tr\\\/high\\\/#\\\/schema\\\/person\\\/bf32f47e84935cc9204dc16c182db944\",\"name\":\"irmak\",\"image\":{\"@type\":\"ImageObject\",\"inLanguage\":\"tr\",\"@id\":\"https:\\\/\\\/secure.gravatar.com\\\/avatar\\\/f16966cac094a41147637f671b25df3700547dcc8302fc128b7ca636be6793eb?s=96&d=mm&r=g\",\"url\":\"https:\\\/\\\/secure.gravatar.com\\\/avatar\\\/f16966cac094a41147637f671b25df3700547dcc8302fc128b7ca636be6793eb?s=96&d=mm&r=g\",\"contentUrl\":\"https:\\\/\\\/secure.gravatar.com\\\/avatar\\\/f16966cac094a41147637f671b25df3700547dcc8302fc128b7ca636be6793eb?s=96&d=mm&r=g\",\"caption\":\"irmak\"},\"sameAs\":[\"https:\\\/\\\/irmak.k12.tr\\\/high\"],\"url\":\"https:\\\/\\\/irmak.k12.tr\\\/high\\\/author\\\/irmak\\\/\"}]}<\/script>\n<!-- \/ Yoast SEO plugin. -->","yoast_head_json":{"title":"Commemorating Atat\u00fcrk with Gratitude | Irmak Okullar\u0131","description":"Irmak Schools commemorated Mustafa Kemal Atat\u00fcrk through a meaningful ceremony reflecting respect, gratitude and remembrance across the school community.","robots":{"index":"index","follow":"follow","max-snippet":"max-snippet:-1","max-image-preview":"max-image-preview:large","max-video-preview":"max-video-preview:-1"},"canonical":"https:\/\/irmak.k12.tr\/high\/we-commemorated-ataturk-with-gratitude-and-respect-2\/","og_locale":"tr_TR","og_type":"article","og_title":"Commemorating Atat\u00fcrk with Gratitude | Irmak Okullar\u0131","og_description":"Irmak Schools commemorated Mustafa Kemal Atat\u00fcrk through a meaningful ceremony reflecting respect, gratitude and remembrance across the school community.","og_url":"https:\/\/irmak.k12.tr\/high\/we-commemorated-ataturk-with-gratitude-and-respect-2\/","og_site_name":"High School - Irmak Schools","article_published_time":"2022-12-11T18:23:50+00:00","article_modified_time":"2026-08-11T06:54:27+00:00","og_image":[{"width":1024,"height":683,"url":"https:\/\/irmak.k12.tr\/high\/wp-content\/uploads\/2022\/12\/irmak-okullari-etkinlik-52135-10-kasimda-atamizi-saygi-ve-minnetle-andik-53-969-10-37-0-tr-picture-1.jpeg","type":"image\/jpeg"}],"author":"irmak","twitter_card":"summary_large_image","twitter_misc":{"Yazan:":"irmak","Tahmini okuma s\u00fcresi":"2 dakika"},"schema":{"@context":"https:\/\/schema.org","@graph":[{"@type":"Article","@id":"https:\/\/irmak.k12.tr\/high\/we-commemorated-ataturk-with-gratitude-and-respect-2\/#article","isPartOf":{"@id":"https:\/\/irmak.k12.tr\/high\/we-commemorated-ataturk-with-gratitude-and-respect-2\/"},"author":{"name":"irmak","@id":"https:\/\/irmak.k12.tr\/high\/#\/schema\/person\/bf32f47e84935cc9204dc16c182db944"},"headline":"We commemorated Atat\u00fcrk with gratitude and respect","datePublished":"2022-12-11T18:23:50+00:00","dateModified":"2026-08-11T06:54:27+00:00","mainEntityOfPage":{"@id":"https:\/\/irmak.k12.tr\/high\/we-commemorated-ataturk-with-gratitude-and-respect-2\/"},"wordCount":171,"commentCount":0,"publisher":{"@id":"https:\/\/irmak.k12.tr\/high\/#organization"},"image":{"@id":"https:\/\/irmak.k12.tr\/high\/we-commemorated-ataturk-with-gratitude-and-respect-2\/#primaryimage"},"thumbnailUrl":"https:\/\/irmak.k12.tr\/high\/wp-content\/uploads\/2022\/12\/irmak-okullari-etkinlik-52135-10-kasimda-atamizi-saygi-ve-minnetle-andik-53-969-10-37-0-tr-picture-1.jpeg","articleSection":["Events-Etkinlikler"],"inLanguage":"tr","potentialAction":[{"@type":"CommentAction","name":"Comment","target":["https:\/\/irmak.k12.tr\/high\/we-commemorated-ataturk-with-gratitude-and-respect-2\/#respond"]}]},{"@type":"WebPage","@id":"https:\/\/irmak.k12.tr\/high\/we-commemorated-ataturk-with-gratitude-and-respect-2\/","url":"https:\/\/irmak.k12.tr\/high\/we-commemorated-ataturk-with-gratitude-and-respect-2\/","name":"Commemorating Atat\u00fcrk with Gratitude | Irmak Okullar\u0131","isPartOf":{"@id":"https:\/\/irmak.k12.tr\/high\/#website"},"primaryImageOfPage":{"@id":"https:\/\/irmak.k12.tr\/high\/we-commemorated-ataturk-with-gratitude-and-respect-2\/#primaryimage"},"image":{"@id":"https:\/\/irmak.k12.tr\/high\/we-commemorated-ataturk-with-gratitude-and-respect-2\/#primaryimage"},"thumbnailUrl":"https:\/\/irmak.k12.tr\/high\/wp-content\/uploads\/2022\/12\/irmak-okullari-etkinlik-52135-10-kasimda-atamizi-saygi-ve-minnetle-andik-53-969-10-37-0-tr-picture-1.jpeg","datePublished":"2022-12-11T18:23:50+00:00","dateModified":"2026-08-11T06:54:27+00:00","description":"Irmak Schools commemorated Mustafa Kemal Atat\u00fcrk through a meaningful ceremony reflecting respect, gratitude and remembrance across the school community.","breadcrumb":{"@id":"https:\/\/irmak.k12.tr\/high\/we-commemorated-ataturk-with-gratitude-and-respect-2\/#breadcrumb"},"inLanguage":"tr","potentialAction":[{"@type":"ReadAction","target":["https:\/\/irmak.k12.tr\/high\/we-commemorated-ataturk-with-gratitude-and-respect-2\/"]}]},{"@type":"ImageObject","inLanguage":"tr","@id":"https:\/\/irmak.k12.tr\/high\/we-commemorated-ataturk-with-gratitude-and-respect-2\/#primaryimage","url":"https:\/\/irmak.k12.tr\/high\/wp-content\/uploads\/2022\/12\/irmak-okullari-etkinlik-52135-10-kasimda-atamizi-saygi-ve-minnetle-andik-53-969-10-37-0-tr-picture-1.jpeg","contentUrl":"https:\/\/irmak.k12.tr\/high\/wp-content\/uploads\/2022\/12\/irmak-okullari-etkinlik-52135-10-kasimda-atamizi-saygi-ve-minnetle-andik-53-969-10-37-0-tr-picture-1.jpeg","width":1024,"height":683},{"@type":"BreadcrumbList","@id":"https:\/\/irmak.k12.tr\/high\/we-commemorated-ataturk-with-gratitude-and-respect-2\/#breadcrumb","itemListElement":[{"@type":"ListItem","position":1,"name":"Anasayfa","item":"https:\/\/irmak.k12.tr\/high\/"},{"@type":"ListItem","position":2,"name":"We commemorated Atat\u00fcrk with gratitude and respect"}]},{"@type":"WebSite","@id":"https:\/\/irmak.k12.tr\/high\/#website","url":"https:\/\/irmak.k12.tr\/high\/","name":"High School - Irmak Schools","description":"","publisher":{"@id":"https:\/\/irmak.k12.tr\/high\/#organization"},"potentialAction":[{"@type":"SearchAction","target":{"@type":"EntryPoint","urlTemplate":"https:\/\/irmak.k12.tr\/high\/?s={search_term_string}"},"query-input":{"@type":"PropertyValueSpecification","valueRequired":true,"valueName":"search_term_string"}}],"inLanguage":"tr"},{"@type":"Organization","@id":"https:\/\/irmak.k12.tr\/high\/#organization","name":"High School - Irmak Schools","url":"https:\/\/irmak.k12.tr\/high\/","logo":{"@type":"ImageObject","inLanguage":"tr","@id":"https:\/\/irmak.k12.tr\/high\/#\/schema\/logo\/image\/","url":"https:\/\/irmak.k12.tr\/high\/wp-content\/uploads\/2026\/07\/lise-en-logo.png","contentUrl":"https:\/\/irmak.k12.tr\/high\/wp-content\/uploads\/2026\/07\/lise-en-logo.png","width":200,"height":190,"caption":"High School - Irmak Schools"},"image":{"@id":"https:\/\/irmak.k12.tr\/high\/#\/schema\/logo\/image\/"}},{"@type":"Person","@id":"https:\/\/irmak.k12.tr\/high\/#\/schema\/person\/bf32f47e84935cc9204dc16c182db944","name":"irmak","image":{"@type":"ImageObject","inLanguage":"tr","@id":"https:\/\/secure.gravatar.com\/avatar\/f16966cac094a41147637f671b25df3700547dcc8302fc128b7ca636be6793eb?s=96&d=mm&r=g","url":"https:\/\/secure.gravatar.com\/avatar\/f16966cac094a41147637f671b25df3700547dcc8302fc128b7ca636be6793eb?s=96&d=mm&r=g","contentUrl":"https:\/\/secure.gravatar.com\/avatar\/f16966cac094a41147637f671b25df3700547dcc8302fc128b7ca636be6793eb?s=96&d=mm&r=g","caption":"irmak"},"sameAs":["https:\/\/irmak.k12.tr\/high"],"url":"https:\/\/irmak.k12.tr\/high\/author\/irmak\/"}]}},"_links":{"self":[{"href":"https:\/\/irmak.k12.tr\/high\/wp-json\/wp\/v2\/posts\/9890","targetHints":{"allow":["GET"]}}],"collection":[{"href":"https:\/\/irmak.k12.tr\/high\/wp-json\/wp\/v2\/posts"}],"about":[{"href":"https:\/\/irmak.k12.tr\/high\/wp-json\/wp\/v2\/types\/post"}],"author":[{"embeddable":true,"href":"https:\/\/irmak.k12.tr\/high\/wp-json\/wp\/v2\/users\/1"}],"replies":[{"embeddable":true,"href":"https:\/\/irmak.k12.tr\/high\/wp-json\/wp\/v2\/comments?post=9890"}],"version-history":[{"count":1,"href":"https:\/\/irmak.k12.tr\/high\/wp-json\/wp\/v2\/posts\/9890\/revisions"}],"predecessor-version":[{"id":16720,"href":"https:\/\/irmak.k12.tr\/high\/wp-json\/wp\/v2\/posts\/9890\/revisions\/16720"}],"wp:featuredmedia":[{"embeddable":true,"href":"https:\/\/irmak.k12.tr\/high\/wp-json\/wp\/v2\/media\/9141"}],"wp:attachment":[{"href":"https:\/\/irmak.k12.tr\/high\/wp-json\/wp\/v2\/media?parent=9890"}],"wp:term":[{"taxonomy":"category","embeddable":true,"href":"https:\/\/irmak.k12.tr\/high\/wp-json\/wp\/v2\/categories?post=9890"},{"taxonomy":"post_tag","embeddable":true,"href":"https:\/\/irmak.k12.tr\/high\/wp-json\/wp\/v2\/tags?post=9890"}],"curies":[{"name":"wp","href":"https:\/\/api.w.org\/{rel}","templated":true}]}}