{"id":14865,"date":"2024-12-13T09:20:29","date_gmt":"2024-12-13T06:20:29","guid":{"rendered":"https:\/\/irmak.k12.tr\/high\/?p=14865"},"modified":"2026-08-11T09:53:32","modified_gmt":"2026-08-11T06:53:32","slug":"we-commemorate-cahit-arf-a-day-illuminated-by-mathematics","status":"publish","type":"post","link":"https:\/\/irmak.k12.tr\/high\/we-commemorate-cahit-arf-a-day-illuminated-by-mathematics\/","title":{"rendered":"We Commemorate Cahit Arf: A Day Illuminated by Mathematics!"},"content":{"rendered":"<div class=\"wpb-content-wrapper\"><p>[vc_row][vc_column][vc_column_text css=&#8221;&#8221;]As the Department of Mathematics, we organized a special event to commemorate Prof. Dr. Cahit ARF, one of the most important figures in the history of Turkish mathematics, and to introduce his unique contributions to the world of science to our students. On this meaningful day, our 9th and 10th grade students formed separate groups at their own levels and demonstrated their knowledge and collaboration skills in quiz competitions. Starting with a video highlighting Cahit Arf&#8217;s contributions to mathematics and creating an exciting competitive environment, our students had the opportunity to develop their mathematical thinking and problem solving skills while reinforcing important 21st century skills such as teamwork and communication.<\/p>\n<p><a href=\"https:\/\/irmak.k12.tr\/high\/cahit-arfi-aniyoruz-matematikle-aydinlanan-bir-gun\/\"><strong>Haberin T\u00fcrk\u00e7esi i\u00e7in t\u0131klay\u0131n\u0131z.<\/strong><\/a>[\/vc_column_text][\/vc_column][\/vc_row][vc_row][vc_column][vc_gallery interval=&#8221;3&#8243; images=&#8221;14866,14867,14868,14869,14870&#8243; img_size=&#8221;1080&#215;800&#8243; css=&#8221;&#8221;][\/vc_column][\/vc_row]<\/p>\n<\/div>","protected":false},"excerpt":{"rendered":"<p>[vc_row][vc_column][vc_column_text css=&#8221;&#8221;]As the Department of Mathematics, we organized a special event to commemorate Prof. Dr. Cahit ARF, one of the most important figures in the history of Turkish mathematics, and to introduce his unique contributions to the world of science to our students. On this meaningful day, our 9th and 10th grade students formed separate [&hellip;]<\/p>\n","protected":false},"author":3,"featured_media":14868,"comment_status":"closed","ping_status":"closed","sticky":false,"template":"","format":"standard","meta":{"footnotes":""},"categories":[52],"tags":[],"class_list":["post-14865","post","type-post","status-publish","format-standard","has-post-thumbnail","hentry","category-events"],"yoast_head":"<!-- This site is optimized with the Yoast SEO plugin v28.1 - https:\/\/yoast.com\/product\/yoast-seo-wordpress\/ -->\n<title>Cahit Arf Mathematics Commemoration Day | Irmak Okullar\u0131<\/title>\n<meta name=\"description\" content=\"Grade 9 and 10 students commemorated Cahit Arf through a video and level-based mathematics competitions, practising problem-solving and teamwork.\" \/>\n<meta name=\"robots\" content=\"index, follow, max-snippet:-1, max-image-preview:large, max-video-preview:-1\" \/>\n<link rel=\"canonical\" href=\"https:\/\/irmak.k12.tr\/high\/we-commemorate-cahit-arf-a-day-illuminated-by-mathematics\/\" \/>\n<meta property=\"og:locale\" content=\"tr_TR\" \/>\n<meta property=\"og:type\" content=\"article\" \/>\n<meta property=\"og:title\" content=\"Cahit Arf Mathematics Commemoration Day | Irmak Okullar\u0131\" \/>\n<meta property=\"og:description\" content=\"Grade 9 and 10 students commemorated Cahit Arf through a video and level-based mathematics competitions, practising problem-solving and teamwork.\" \/>\n<meta property=\"og:url\" content=\"https:\/\/irmak.k12.tr\/high\/we-commemorate-cahit-arf-a-day-illuminated-by-mathematics\/\" \/>\n<meta property=\"og:site_name\" content=\"High School - Irmak Schools\" \/>\n<meta property=\"article:published_time\" content=\"2024-12-13T06:20:29+00:00\" \/>\n<meta property=\"article:modified_time\" content=\"2026-08-11T06:53:32+00:00\" \/>\n<meta property=\"og:image\" content=\"https:\/\/irmak.k12.tr\/high\/wp-content\/uploads\/2024\/12\/Cahit-Arfi-Aniyoruz-Matematikle-Aydinlanan-Bir-Gun-3.jpg\" \/>\n\t<meta property=\"og:image:width\" content=\"1079\" \/>\n\t<meta property=\"og:image:height\" content=\"800\" \/>\n\t<meta property=\"og:image:type\" content=\"image\/jpeg\" \/>\n<meta name=\"author\" content=\"Irmak Schools\" \/>\n<meta name=\"twitter:card\" content=\"summary_large_image\" \/>\n<meta name=\"twitter:label1\" content=\"Yazan:\" \/>\n\t<meta name=\"twitter:data1\" content=\"Irmak Schools\" \/>\n\t<meta name=\"twitter:label2\" content=\"Tahmini okuma s\u00fcresi\" \/>\n\t<meta name=\"twitter:data2\" content=\"1 dakika\" \/>\n<script type=\"application\/ld+json\" class=\"yoast-schema-graph\">{\"@context\":\"https:\\\/\\\/schema.org\",\"@graph\":[{\"@type\":\"Article\",\"@id\":\"https:\\\/\\\/irmak.k12.tr\\\/high\\\/we-commemorate-cahit-arf-a-day-illuminated-by-mathematics\\\/#article\",\"isPartOf\":{\"@id\":\"https:\\\/\\\/irmak.k12.tr\\\/high\\\/we-commemorate-cahit-arf-a-day-illuminated-by-mathematics\\\/\"},\"author\":{\"name\":\"Irmak Schools\",\"@id\":\"https:\\\/\\\/irmak.k12.tr\\\/high\\\/#\\\/schema\\\/person\\\/9527005c34b4ab70dbff09f95690c3a9\"},\"headline\":\"We Commemorate Cahit Arf: A Day Illuminated by Mathematics!\",\"datePublished\":\"2024-12-13T06:20:29+00:00\",\"dateModified\":\"2026-08-11T06:53:32+00:00\",\"mainEntityOfPage\":{\"@id\":\"https:\\\/\\\/irmak.k12.tr\\\/high\\\/we-commemorate-cahit-arf-a-day-illuminated-by-mathematics\\\/\"},\"wordCount\":161,\"publisher\":{\"@id\":\"https:\\\/\\\/irmak.k12.tr\\\/high\\\/#organization\"},\"image\":{\"@id\":\"https:\\\/\\\/irmak.k12.tr\\\/high\\\/we-commemorate-cahit-arf-a-day-illuminated-by-mathematics\\\/#primaryimage\"},\"thumbnailUrl\":\"https:\\\/\\\/irmak.k12.tr\\\/high\\\/wp-content\\\/uploads\\\/2024\\\/12\\\/Cahit-Arfi-Aniyoruz-Matematikle-Aydinlanan-Bir-Gun-3.jpg\",\"articleSection\":[\"Events-Etkinlikler\"],\"inLanguage\":\"tr\"},{\"@type\":\"WebPage\",\"@id\":\"https:\\\/\\\/irmak.k12.tr\\\/high\\\/we-commemorate-cahit-arf-a-day-illuminated-by-mathematics\\\/\",\"url\":\"https:\\\/\\\/irmak.k12.tr\\\/high\\\/we-commemorate-cahit-arf-a-day-illuminated-by-mathematics\\\/\",\"name\":\"Cahit Arf Mathematics Commemoration Day | Irmak Okullar\u0131\",\"isPartOf\":{\"@id\":\"https:\\\/\\\/irmak.k12.tr\\\/high\\\/#website\"},\"primaryImageOfPage\":{\"@id\":\"https:\\\/\\\/irmak.k12.tr\\\/high\\\/we-commemorate-cahit-arf-a-day-illuminated-by-mathematics\\\/#primaryimage\"},\"image\":{\"@id\":\"https:\\\/\\\/irmak.k12.tr\\\/high\\\/we-commemorate-cahit-arf-a-day-illuminated-by-mathematics\\\/#primaryimage\"},\"thumbnailUrl\":\"https:\\\/\\\/irmak.k12.tr\\\/high\\\/wp-content\\\/uploads\\\/2024\\\/12\\\/Cahit-Arfi-Aniyoruz-Matematikle-Aydinlanan-Bir-Gun-3.jpg\",\"datePublished\":\"2024-12-13T06:20:29+00:00\",\"dateModified\":\"2026-08-11T06:53:32+00:00\",\"description\":\"Grade 9 and 10 students commemorated Cahit Arf through a video and level-based mathematics competitions, practising problem-solving and teamwork.\",\"breadcrumb\":{\"@id\":\"https:\\\/\\\/irmak.k12.tr\\\/high\\\/we-commemorate-cahit-arf-a-day-illuminated-by-mathematics\\\/#breadcrumb\"},\"inLanguage\":\"tr\",\"potentialAction\":[{\"@type\":\"ReadAction\",\"target\":[\"https:\\\/\\\/irmak.k12.tr\\\/high\\\/we-commemorate-cahit-arf-a-day-illuminated-by-mathematics\\\/\"]}]},{\"@type\":\"ImageObject\",\"inLanguage\":\"tr\",\"@id\":\"https:\\\/\\\/irmak.k12.tr\\\/high\\\/we-commemorate-cahit-arf-a-day-illuminated-by-mathematics\\\/#primaryimage\",\"url\":\"https:\\\/\\\/irmak.k12.tr\\\/high\\\/wp-content\\\/uploads\\\/2024\\\/12\\\/Cahit-Arfi-Aniyoruz-Matematikle-Aydinlanan-Bir-Gun-3.jpg\",\"contentUrl\":\"https:\\\/\\\/irmak.k12.tr\\\/high\\\/wp-content\\\/uploads\\\/2024\\\/12\\\/Cahit-Arfi-Aniyoruz-Matematikle-Aydinlanan-Bir-Gun-3.jpg\",\"width\":1079,\"height\":800},{\"@type\":\"BreadcrumbList\",\"@id\":\"https:\\\/\\\/irmak.k12.tr\\\/high\\\/we-commemorate-cahit-arf-a-day-illuminated-by-mathematics\\\/#breadcrumb\",\"itemListElement\":[{\"@type\":\"ListItem\",\"position\":1,\"name\":\"Anasayfa\",\"item\":\"https:\\\/\\\/irmak.k12.tr\\\/high\\\/\"},{\"@type\":\"ListItem\",\"position\":2,\"name\":\"We Commemorate Cahit Arf: A Day Illuminated by Mathematics!\"}]},{\"@type\":\"WebSite\",\"@id\":\"https:\\\/\\\/irmak.k12.tr\\\/high\\\/#website\",\"url\":\"https:\\\/\\\/irmak.k12.tr\\\/high\\\/\",\"name\":\"High School - Irmak Schools\",\"description\":\"\",\"publisher\":{\"@id\":\"https:\\\/\\\/irmak.k12.tr\\\/high\\\/#organization\"},\"potentialAction\":[{\"@type\":\"SearchAction\",\"target\":{\"@type\":\"EntryPoint\",\"urlTemplate\":\"https:\\\/\\\/irmak.k12.tr\\\/high\\\/?s={search_term_string}\"},\"query-input\":{\"@type\":\"PropertyValueSpecification\",\"valueRequired\":true,\"valueName\":\"search_term_string\"}}],\"inLanguage\":\"tr\"},{\"@type\":\"Organization\",\"@id\":\"https:\\\/\\\/irmak.k12.tr\\\/high\\\/#organization\",\"name\":\"High School - Irmak Schools\",\"url\":\"https:\\\/\\\/irmak.k12.tr\\\/high\\\/\",\"logo\":{\"@type\":\"ImageObject\",\"inLanguage\":\"tr\",\"@id\":\"https:\\\/\\\/irmak.k12.tr\\\/high\\\/#\\\/schema\\\/logo\\\/image\\\/\",\"url\":\"https:\\\/\\\/irmak.k12.tr\\\/high\\\/wp-content\\\/uploads\\\/2026\\\/07\\\/lise-en-logo.png\",\"contentUrl\":\"https:\\\/\\\/irmak.k12.tr\\\/high\\\/wp-content\\\/uploads\\\/2026\\\/07\\\/lise-en-logo.png\",\"width\":200,\"height\":190,\"caption\":\"High School - Irmak Schools\"},\"image\":{\"@id\":\"https:\\\/\\\/irmak.k12.tr\\\/high\\\/#\\\/schema\\\/logo\\\/image\\\/\"}},{\"@type\":\"Person\",\"@id\":\"https:\\\/\\\/irmak.k12.tr\\\/high\\\/#\\\/schema\\\/person\\\/9527005c34b4ab70dbff09f95690c3a9\",\"name\":\"Irmak Schools\",\"image\":{\"@type\":\"ImageObject\",\"inLanguage\":\"tr\",\"@id\":\"https:\\\/\\\/secure.gravatar.com\\\/avatar\\\/668682b59166ae9c559a167c0b3f676910475a0356eea28ecd7945224339a479?s=96&d=mm&r=g\",\"url\":\"https:\\\/\\\/secure.gravatar.com\\\/avatar\\\/668682b59166ae9c559a167c0b3f676910475a0356eea28ecd7945224339a479?s=96&d=mm&r=g\",\"contentUrl\":\"https:\\\/\\\/secure.gravatar.com\\\/avatar\\\/668682b59166ae9c559a167c0b3f676910475a0356eea28ecd7945224339a479?s=96&d=mm&r=g\",\"caption\":\"Irmak Schools\"},\"url\":\"https:\\\/\\\/irmak.k12.tr\\\/high\\\/author\\\/fatih\\\/\"}]}<\/script>\n<!-- \/ Yoast SEO plugin. -->","yoast_head_json":{"title":"Cahit Arf Mathematics Commemoration Day | Irmak Okullar\u0131","description":"Grade 9 and 10 students commemorated Cahit Arf through a video and level-based mathematics competitions, practising problem-solving and teamwork.","robots":{"index":"index","follow":"follow","max-snippet":"max-snippet:-1","max-image-preview":"max-image-preview:large","max-video-preview":"max-video-preview:-1"},"canonical":"https:\/\/irmak.k12.tr\/high\/we-commemorate-cahit-arf-a-day-illuminated-by-mathematics\/","og_locale":"tr_TR","og_type":"article","og_title":"Cahit Arf Mathematics Commemoration Day | Irmak Okullar\u0131","og_description":"Grade 9 and 10 students commemorated Cahit Arf through a video and level-based mathematics competitions, practising problem-solving and teamwork.","og_url":"https:\/\/irmak.k12.tr\/high\/we-commemorate-cahit-arf-a-day-illuminated-by-mathematics\/","og_site_name":"High School - Irmak Schools","article_published_time":"2024-12-13T06:20:29+00:00","article_modified_time":"2026-08-11T06:53:32+00:00","og_image":[{"width":1079,"height":800,"url":"https:\/\/irmak.k12.tr\/high\/wp-content\/uploads\/2024\/12\/Cahit-Arfi-Aniyoruz-Matematikle-Aydinlanan-Bir-Gun-3.jpg","type":"image\/jpeg"}],"author":"Irmak Schools","twitter_card":"summary_large_image","twitter_misc":{"Yazan:":"Irmak Schools","Tahmini okuma s\u00fcresi":"1 dakika"},"schema":{"@context":"https:\/\/schema.org","@graph":[{"@type":"Article","@id":"https:\/\/irmak.k12.tr\/high\/we-commemorate-cahit-arf-a-day-illuminated-by-mathematics\/#article","isPartOf":{"@id":"https:\/\/irmak.k12.tr\/high\/we-commemorate-cahit-arf-a-day-illuminated-by-mathematics\/"},"author":{"name":"Irmak Schools","@id":"https:\/\/irmak.k12.tr\/high\/#\/schema\/person\/9527005c34b4ab70dbff09f95690c3a9"},"headline":"We Commemorate Cahit Arf: A Day Illuminated by Mathematics!","datePublished":"2024-12-13T06:20:29+00:00","dateModified":"2026-08-11T06:53:32+00:00","mainEntityOfPage":{"@id":"https:\/\/irmak.k12.tr\/high\/we-commemorate-cahit-arf-a-day-illuminated-by-mathematics\/"},"wordCount":161,"publisher":{"@id":"https:\/\/irmak.k12.tr\/high\/#organization"},"image":{"@id":"https:\/\/irmak.k12.tr\/high\/we-commemorate-cahit-arf-a-day-illuminated-by-mathematics\/#primaryimage"},"thumbnailUrl":"https:\/\/irmak.k12.tr\/high\/wp-content\/uploads\/2024\/12\/Cahit-Arfi-Aniyoruz-Matematikle-Aydinlanan-Bir-Gun-3.jpg","articleSection":["Events-Etkinlikler"],"inLanguage":"tr"},{"@type":"WebPage","@id":"https:\/\/irmak.k12.tr\/high\/we-commemorate-cahit-arf-a-day-illuminated-by-mathematics\/","url":"https:\/\/irmak.k12.tr\/high\/we-commemorate-cahit-arf-a-day-illuminated-by-mathematics\/","name":"Cahit Arf Mathematics Commemoration Day | Irmak Okullar\u0131","isPartOf":{"@id":"https:\/\/irmak.k12.tr\/high\/#website"},"primaryImageOfPage":{"@id":"https:\/\/irmak.k12.tr\/high\/we-commemorate-cahit-arf-a-day-illuminated-by-mathematics\/#primaryimage"},"image":{"@id":"https:\/\/irmak.k12.tr\/high\/we-commemorate-cahit-arf-a-day-illuminated-by-mathematics\/#primaryimage"},"thumbnailUrl":"https:\/\/irmak.k12.tr\/high\/wp-content\/uploads\/2024\/12\/Cahit-Arfi-Aniyoruz-Matematikle-Aydinlanan-Bir-Gun-3.jpg","datePublished":"2024-12-13T06:20:29+00:00","dateModified":"2026-08-11T06:53:32+00:00","description":"Grade 9 and 10 students commemorated Cahit Arf through a video and level-based mathematics competitions, practising problem-solving and teamwork.","breadcrumb":{"@id":"https:\/\/irmak.k12.tr\/high\/we-commemorate-cahit-arf-a-day-illuminated-by-mathematics\/#breadcrumb"},"inLanguage":"tr","potentialAction":[{"@type":"ReadAction","target":["https:\/\/irmak.k12.tr\/high\/we-commemorate-cahit-arf-a-day-illuminated-by-mathematics\/"]}]},{"@type":"ImageObject","inLanguage":"tr","@id":"https:\/\/irmak.k12.tr\/high\/we-commemorate-cahit-arf-a-day-illuminated-by-mathematics\/#primaryimage","url":"https:\/\/irmak.k12.tr\/high\/wp-content\/uploads\/2024\/12\/Cahit-Arfi-Aniyoruz-Matematikle-Aydinlanan-Bir-Gun-3.jpg","contentUrl":"https:\/\/irmak.k12.tr\/high\/wp-content\/uploads\/2024\/12\/Cahit-Arfi-Aniyoruz-Matematikle-Aydinlanan-Bir-Gun-3.jpg","width":1079,"height":800},{"@type":"BreadcrumbList","@id":"https:\/\/irmak.k12.tr\/high\/we-commemorate-cahit-arf-a-day-illuminated-by-mathematics\/#breadcrumb","itemListElement":[{"@type":"ListItem","position":1,"name":"Anasayfa","item":"https:\/\/irmak.k12.tr\/high\/"},{"@type":"ListItem","position":2,"name":"We Commemorate Cahit Arf: A Day Illuminated by Mathematics!"}]},{"@type":"WebSite","@id":"https:\/\/irmak.k12.tr\/high\/#website","url":"https:\/\/irmak.k12.tr\/high\/","name":"High School - Irmak Schools","description":"","publisher":{"@id":"https:\/\/irmak.k12.tr\/high\/#organization"},"potentialAction":[{"@type":"SearchAction","target":{"@type":"EntryPoint","urlTemplate":"https:\/\/irmak.k12.tr\/high\/?s={search_term_string}"},"query-input":{"@type":"PropertyValueSpecification","valueRequired":true,"valueName":"search_term_string"}}],"inLanguage":"tr"},{"@type":"Organization","@id":"https:\/\/irmak.k12.tr\/high\/#organization","name":"High School - Irmak Schools","url":"https:\/\/irmak.k12.tr\/high\/","logo":{"@type":"ImageObject","inLanguage":"tr","@id":"https:\/\/irmak.k12.tr\/high\/#\/schema\/logo\/image\/","url":"https:\/\/irmak.k12.tr\/high\/wp-content\/uploads\/2026\/07\/lise-en-logo.png","contentUrl":"https:\/\/irmak.k12.tr\/high\/wp-content\/uploads\/2026\/07\/lise-en-logo.png","width":200,"height":190,"caption":"High School - Irmak Schools"},"image":{"@id":"https:\/\/irmak.k12.tr\/high\/#\/schema\/logo\/image\/"}},{"@type":"Person","@id":"https:\/\/irmak.k12.tr\/high\/#\/schema\/person\/9527005c34b4ab70dbff09f95690c3a9","name":"Irmak Schools","image":{"@type":"ImageObject","inLanguage":"tr","@id":"https:\/\/secure.gravatar.com\/avatar\/668682b59166ae9c559a167c0b3f676910475a0356eea28ecd7945224339a479?s=96&d=mm&r=g","url":"https:\/\/secure.gravatar.com\/avatar\/668682b59166ae9c559a167c0b3f676910475a0356eea28ecd7945224339a479?s=96&d=mm&r=g","contentUrl":"https:\/\/secure.gravatar.com\/avatar\/668682b59166ae9c559a167c0b3f676910475a0356eea28ecd7945224339a479?s=96&d=mm&r=g","caption":"Irmak Schools"},"url":"https:\/\/irmak.k12.tr\/high\/author\/fatih\/"}]}},"_links":{"self":[{"href":"https:\/\/irmak.k12.tr\/high\/wp-json\/wp\/v2\/posts\/14865","targetHints":{"allow":["GET"]}}],"collection":[{"href":"https:\/\/irmak.k12.tr\/high\/wp-json\/wp\/v2\/posts"}],"about":[{"href":"https:\/\/irmak.k12.tr\/high\/wp-json\/wp\/v2\/types\/post"}],"author":[{"embeddable":true,"href":"https:\/\/irmak.k12.tr\/high\/wp-json\/wp\/v2\/users\/3"}],"replies":[{"embeddable":true,"href":"https:\/\/irmak.k12.tr\/high\/wp-json\/wp\/v2\/comments?post=14865"}],"version-history":[{"count":3,"href":"https:\/\/irmak.k12.tr\/high\/wp-json\/wp\/v2\/posts\/14865\/revisions"}],"predecessor-version":[{"id":14875,"href":"https:\/\/irmak.k12.tr\/high\/wp-json\/wp\/v2\/posts\/14865\/revisions\/14875"}],"wp:featuredmedia":[{"embeddable":true,"href":"https:\/\/irmak.k12.tr\/high\/wp-json\/wp\/v2\/media\/14868"}],"wp:attachment":[{"href":"https:\/\/irmak.k12.tr\/high\/wp-json\/wp\/v2\/media?parent=14865"}],"wp:term":[{"taxonomy":"category","embeddable":true,"href":"https:\/\/irmak.k12.tr\/high\/wp-json\/wp\/v2\/categories?post=14865"},{"taxonomy":"post_tag","embeddable":true,"href":"https:\/\/irmak.k12.tr\/high\/wp-json\/wp\/v2\/tags?post=14865"}],"curies":[{"name":"wp","href":"https:\/\/api.w.org\/{rel}","templated":true}]}}