{"id":12412,"date":"2023-09-11T11:54:33","date_gmt":"2023-09-11T08:54:33","guid":{"rendered":"https:\/\/irmak.k12.tr\/high\/?p=12412"},"modified":"2026-08-11T10:22:05","modified_gmt":"2026-08-11T07:22:05","slug":"we-have-opened-the-academic-year-2023-2024","status":"publish","type":"post","link":"https:\/\/irmak.k12.tr\/high\/we-have-opened-the-academic-year-2023-2024\/","title":{"rendered":"We have opened the academic year 2023-2024"},"content":{"rendered":"<div class=\"wpb-content-wrapper\"><p>[vc_row][vc_column][vc_column_text]After a moment of silence and the national anthem, our General Manager Mr. Metin YOLER\u0130, our Founding Representative Mr. \u00dclk\u00fc ARIO\u011eLU and our graduate Dr. Yi\u011fit YAL\u00c7IN emphasized that, being in the 100th year of Turkish Republic, we are raising world citizens in the way of Atat\u00fcrk, heading towards a bright future. At the end of the ceremony, which was held with the presentation of our elementary school students, our school orchestra played the youth anthem.<\/p>\n<p>We wish our whole Irmak family a successful year![\/vc_column_text][\/vc_column][\/vc_row][vc_row][vc_column][vc_gallery interval=&#8221;3&#8243; images=&#8221;12413,12414,12415,12416,12417,12418&#8243; img_size=&#8221;1080&#215;800&#8243;][\/vc_column][\/vc_row]<\/p>\n<\/div>","protected":false},"excerpt":{"rendered":"<p>[vc_row][vc_column][vc_column_text]After a moment of silence and the national anthem, our General Manager Mr. Metin YOLER\u0130, our Founding Representative Mr. \u00dclk\u00fc ARIO\u011eLU and our graduate Dr. Yi\u011fit YAL\u00c7IN emphasized that, being in the 100th year of Turkish Republic, we are raising world citizens in the way of Atat\u00fcrk, heading towards a bright future. At the end [&hellip;]<\/p>\n","protected":false},"author":3,"featured_media":12413,"comment_status":"closed","ping_status":"closed","sticky":false,"template":"","format":"standard","meta":{"footnotes":""},"categories":[52],"tags":[],"class_list":["post-12412","post","type-post","status-publish","format-standard","has-post-thumbnail","hentry","category-events"],"yoast_head":"<!-- This site is optimized with the Yoast SEO plugin v28.1 - https:\/\/yoast.com\/product\/yoast-seo-wordpress\/ -->\n<title>2023\u20132024 Academic Year Opening Ceremony | Irmak Okullar\u0131<\/title>\n<meta name=\"description\" content=\"Irmak Schools opened the 2023\u20132024 academic year with a ceremony bringing students, teachers and administrators together for a new year of learning.\" \/>\n<meta name=\"robots\" content=\"index, follow, max-snippet:-1, max-image-preview:large, max-video-preview:-1\" \/>\n<link rel=\"canonical\" href=\"https:\/\/irmak.k12.tr\/high\/we-have-opened-the-academic-year-2023-2024\/\" \/>\n<meta property=\"og:locale\" content=\"tr_TR\" \/>\n<meta property=\"og:type\" content=\"article\" \/>\n<meta property=\"og:title\" content=\"2023\u20132024 Academic Year Opening Ceremony | Irmak Okullar\u0131\" \/>\n<meta property=\"og:description\" content=\"Irmak Schools opened the 2023\u20132024 academic year with a ceremony bringing students, teachers and administrators together for a new year of learning.\" \/>\n<meta property=\"og:url\" content=\"https:\/\/irmak.k12.tr\/high\/we-have-opened-the-academic-year-2023-2024\/\" \/>\n<meta property=\"og:site_name\" content=\"High School - Irmak Schools\" \/>\n<meta property=\"article:published_time\" content=\"2023-09-11T08:54:33+00:00\" \/>\n<meta property=\"article:modified_time\" content=\"2026-08-11T07:22:05+00:00\" \/>\n<meta property=\"og:image\" content=\"https:\/\/irmak.k12.tr\/high\/wp-content\/uploads\/2023\/09\/2023-24-opening-ceremony1.jpg\" \/>\n\t<meta property=\"og:image:width\" content=\"1080\" \/>\n\t<meta property=\"og:image:height\" content=\"800\" \/>\n\t<meta property=\"og:image:type\" content=\"image\/jpeg\" \/>\n<meta name=\"author\" content=\"Irmak Schools\" \/>\n<meta name=\"twitter:card\" content=\"summary_large_image\" \/>\n<meta name=\"twitter:label1\" content=\"Yazan:\" \/>\n\t<meta name=\"twitter:data1\" content=\"Irmak Schools\" \/>\n\t<meta name=\"twitter:label2\" content=\"Tahmini okuma s\u00fcresi\" \/>\n\t<meta name=\"twitter:data2\" content=\"1 dakika\" \/>\n<script type=\"application\/ld+json\" class=\"yoast-schema-graph\">{\"@context\":\"https:\\\/\\\/schema.org\",\"@graph\":[{\"@type\":\"Article\",\"@id\":\"https:\\\/\\\/irmak.k12.tr\\\/high\\\/we-have-opened-the-academic-year-2023-2024\\\/#article\",\"isPartOf\":{\"@id\":\"https:\\\/\\\/irmak.k12.tr\\\/high\\\/we-have-opened-the-academic-year-2023-2024\\\/\"},\"author\":{\"name\":\"Irmak Schools\",\"@id\":\"https:\\\/\\\/irmak.k12.tr\\\/high\\\/#\\\/schema\\\/person\\\/9527005c34b4ab70dbff09f95690c3a9\"},\"headline\":\"We have opened the academic year 2023-2024\",\"datePublished\":\"2023-09-11T08:54:33+00:00\",\"dateModified\":\"2026-08-11T07:22:05+00:00\",\"mainEntityOfPage\":{\"@id\":\"https:\\\/\\\/irmak.k12.tr\\\/high\\\/we-have-opened-the-academic-year-2023-2024\\\/\"},\"wordCount\":125,\"publisher\":{\"@id\":\"https:\\\/\\\/irmak.k12.tr\\\/high\\\/#organization\"},\"image\":{\"@id\":\"https:\\\/\\\/irmak.k12.tr\\\/high\\\/we-have-opened-the-academic-year-2023-2024\\\/#primaryimage\"},\"thumbnailUrl\":\"https:\\\/\\\/irmak.k12.tr\\\/high\\\/wp-content\\\/uploads\\\/2023\\\/09\\\/2023-24-opening-ceremony1.jpg\",\"articleSection\":[\"Events-Etkinlikler\"],\"inLanguage\":\"tr\"},{\"@type\":\"WebPage\",\"@id\":\"https:\\\/\\\/irmak.k12.tr\\\/high\\\/we-have-opened-the-academic-year-2023-2024\\\/\",\"url\":\"https:\\\/\\\/irmak.k12.tr\\\/high\\\/we-have-opened-the-academic-year-2023-2024\\\/\",\"name\":\"2023\u20132024 Academic Year Opening Ceremony | Irmak Okullar\u0131\",\"isPartOf\":{\"@id\":\"https:\\\/\\\/irmak.k12.tr\\\/high\\\/#website\"},\"primaryImageOfPage\":{\"@id\":\"https:\\\/\\\/irmak.k12.tr\\\/high\\\/we-have-opened-the-academic-year-2023-2024\\\/#primaryimage\"},\"image\":{\"@id\":\"https:\\\/\\\/irmak.k12.tr\\\/high\\\/we-have-opened-the-academic-year-2023-2024\\\/#primaryimage\"},\"thumbnailUrl\":\"https:\\\/\\\/irmak.k12.tr\\\/high\\\/wp-content\\\/uploads\\\/2023\\\/09\\\/2023-24-opening-ceremony1.jpg\",\"datePublished\":\"2023-09-11T08:54:33+00:00\",\"dateModified\":\"2026-08-11T07:22:05+00:00\",\"description\":\"Irmak Schools opened the 2023\u20132024 academic year with a ceremony bringing students, teachers and administrators together for a new year of learning.\",\"breadcrumb\":{\"@id\":\"https:\\\/\\\/irmak.k12.tr\\\/high\\\/we-have-opened-the-academic-year-2023-2024\\\/#breadcrumb\"},\"inLanguage\":\"tr\",\"potentialAction\":[{\"@type\":\"ReadAction\",\"target\":[\"https:\\\/\\\/irmak.k12.tr\\\/high\\\/we-have-opened-the-academic-year-2023-2024\\\/\"]}]},{\"@type\":\"ImageObject\",\"inLanguage\":\"tr\",\"@id\":\"https:\\\/\\\/irmak.k12.tr\\\/high\\\/we-have-opened-the-academic-year-2023-2024\\\/#primaryimage\",\"url\":\"https:\\\/\\\/irmak.k12.tr\\\/high\\\/wp-content\\\/uploads\\\/2023\\\/09\\\/2023-24-opening-ceremony1.jpg\",\"contentUrl\":\"https:\\\/\\\/irmak.k12.tr\\\/high\\\/wp-content\\\/uploads\\\/2023\\\/09\\\/2023-24-opening-ceremony1.jpg\",\"width\":1080,\"height\":800},{\"@type\":\"BreadcrumbList\",\"@id\":\"https:\\\/\\\/irmak.k12.tr\\\/high\\\/we-have-opened-the-academic-year-2023-2024\\\/#breadcrumb\",\"itemListElement\":[{\"@type\":\"ListItem\",\"position\":1,\"name\":\"Anasayfa\",\"item\":\"https:\\\/\\\/irmak.k12.tr\\\/high\\\/\"},{\"@type\":\"ListItem\",\"position\":2,\"name\":\"We have opened the academic year 2023-2024\"}]},{\"@type\":\"WebSite\",\"@id\":\"https:\\\/\\\/irmak.k12.tr\\\/high\\\/#website\",\"url\":\"https:\\\/\\\/irmak.k12.tr\\\/high\\\/\",\"name\":\"High School - Irmak Schools\",\"description\":\"\",\"publisher\":{\"@id\":\"https:\\\/\\\/irmak.k12.tr\\\/high\\\/#organization\"},\"potentialAction\":[{\"@type\":\"SearchAction\",\"target\":{\"@type\":\"EntryPoint\",\"urlTemplate\":\"https:\\\/\\\/irmak.k12.tr\\\/high\\\/?s={search_term_string}\"},\"query-input\":{\"@type\":\"PropertyValueSpecification\",\"valueRequired\":true,\"valueName\":\"search_term_string\"}}],\"inLanguage\":\"tr\"},{\"@type\":\"Organization\",\"@id\":\"https:\\\/\\\/irmak.k12.tr\\\/high\\\/#organization\",\"name\":\"High School - Irmak Schools\",\"url\":\"https:\\\/\\\/irmak.k12.tr\\\/high\\\/\",\"logo\":{\"@type\":\"ImageObject\",\"inLanguage\":\"tr\",\"@id\":\"https:\\\/\\\/irmak.k12.tr\\\/high\\\/#\\\/schema\\\/logo\\\/image\\\/\",\"url\":\"https:\\\/\\\/irmak.k12.tr\\\/high\\\/wp-content\\\/uploads\\\/2026\\\/07\\\/lise-en-logo.png\",\"contentUrl\":\"https:\\\/\\\/irmak.k12.tr\\\/high\\\/wp-content\\\/uploads\\\/2026\\\/07\\\/lise-en-logo.png\",\"width\":200,\"height\":190,\"caption\":\"High School - Irmak Schools\"},\"image\":{\"@id\":\"https:\\\/\\\/irmak.k12.tr\\\/high\\\/#\\\/schema\\\/logo\\\/image\\\/\"}},{\"@type\":\"Person\",\"@id\":\"https:\\\/\\\/irmak.k12.tr\\\/high\\\/#\\\/schema\\\/person\\\/9527005c34b4ab70dbff09f95690c3a9\",\"name\":\"Irmak Schools\",\"image\":{\"@type\":\"ImageObject\",\"inLanguage\":\"tr\",\"@id\":\"https:\\\/\\\/secure.gravatar.com\\\/avatar\\\/668682b59166ae9c559a167c0b3f676910475a0356eea28ecd7945224339a479?s=96&d=mm&r=g\",\"url\":\"https:\\\/\\\/secure.gravatar.com\\\/avatar\\\/668682b59166ae9c559a167c0b3f676910475a0356eea28ecd7945224339a479?s=96&d=mm&r=g\",\"contentUrl\":\"https:\\\/\\\/secure.gravatar.com\\\/avatar\\\/668682b59166ae9c559a167c0b3f676910475a0356eea28ecd7945224339a479?s=96&d=mm&r=g\",\"caption\":\"Irmak Schools\"},\"url\":\"https:\\\/\\\/irmak.k12.tr\\\/high\\\/author\\\/fatih\\\/\"}]}<\/script>\n<!-- \/ Yoast SEO plugin. -->","yoast_head_json":{"title":"2023\u20132024 Academic Year Opening Ceremony | Irmak Okullar\u0131","description":"Irmak Schools opened the 2023\u20132024 academic year with a ceremony bringing students, teachers and administrators together for a new year of learning.","robots":{"index":"index","follow":"follow","max-snippet":"max-snippet:-1","max-image-preview":"max-image-preview:large","max-video-preview":"max-video-preview:-1"},"canonical":"https:\/\/irmak.k12.tr\/high\/we-have-opened-the-academic-year-2023-2024\/","og_locale":"tr_TR","og_type":"article","og_title":"2023\u20132024 Academic Year Opening Ceremony | Irmak Okullar\u0131","og_description":"Irmak Schools opened the 2023\u20132024 academic year with a ceremony bringing students, teachers and administrators together for a new year of learning.","og_url":"https:\/\/irmak.k12.tr\/high\/we-have-opened-the-academic-year-2023-2024\/","og_site_name":"High School - Irmak Schools","article_published_time":"2023-09-11T08:54:33+00:00","article_modified_time":"2026-08-11T07:22:05+00:00","og_image":[{"width":1080,"height":800,"url":"https:\/\/irmak.k12.tr\/high\/wp-content\/uploads\/2023\/09\/2023-24-opening-ceremony1.jpg","type":"image\/jpeg"}],"author":"Irmak Schools","twitter_card":"summary_large_image","twitter_misc":{"Yazan:":"Irmak Schools","Tahmini okuma s\u00fcresi":"1 dakika"},"schema":{"@context":"https:\/\/schema.org","@graph":[{"@type":"Article","@id":"https:\/\/irmak.k12.tr\/high\/we-have-opened-the-academic-year-2023-2024\/#article","isPartOf":{"@id":"https:\/\/irmak.k12.tr\/high\/we-have-opened-the-academic-year-2023-2024\/"},"author":{"name":"Irmak Schools","@id":"https:\/\/irmak.k12.tr\/high\/#\/schema\/person\/9527005c34b4ab70dbff09f95690c3a9"},"headline":"We have opened the academic year 2023-2024","datePublished":"2023-09-11T08:54:33+00:00","dateModified":"2026-08-11T07:22:05+00:00","mainEntityOfPage":{"@id":"https:\/\/irmak.k12.tr\/high\/we-have-opened-the-academic-year-2023-2024\/"},"wordCount":125,"publisher":{"@id":"https:\/\/irmak.k12.tr\/high\/#organization"},"image":{"@id":"https:\/\/irmak.k12.tr\/high\/we-have-opened-the-academic-year-2023-2024\/#primaryimage"},"thumbnailUrl":"https:\/\/irmak.k12.tr\/high\/wp-content\/uploads\/2023\/09\/2023-24-opening-ceremony1.jpg","articleSection":["Events-Etkinlikler"],"inLanguage":"tr"},{"@type":"WebPage","@id":"https:\/\/irmak.k12.tr\/high\/we-have-opened-the-academic-year-2023-2024\/","url":"https:\/\/irmak.k12.tr\/high\/we-have-opened-the-academic-year-2023-2024\/","name":"2023\u20132024 Academic Year Opening Ceremony | Irmak Okullar\u0131","isPartOf":{"@id":"https:\/\/irmak.k12.tr\/high\/#website"},"primaryImageOfPage":{"@id":"https:\/\/irmak.k12.tr\/high\/we-have-opened-the-academic-year-2023-2024\/#primaryimage"},"image":{"@id":"https:\/\/irmak.k12.tr\/high\/we-have-opened-the-academic-year-2023-2024\/#primaryimage"},"thumbnailUrl":"https:\/\/irmak.k12.tr\/high\/wp-content\/uploads\/2023\/09\/2023-24-opening-ceremony1.jpg","datePublished":"2023-09-11T08:54:33+00:00","dateModified":"2026-08-11T07:22:05+00:00","description":"Irmak Schools opened the 2023\u20132024 academic year with a ceremony bringing students, teachers and administrators together for a new year of learning.","breadcrumb":{"@id":"https:\/\/irmak.k12.tr\/high\/we-have-opened-the-academic-year-2023-2024\/#breadcrumb"},"inLanguage":"tr","potentialAction":[{"@type":"ReadAction","target":["https:\/\/irmak.k12.tr\/high\/we-have-opened-the-academic-year-2023-2024\/"]}]},{"@type":"ImageObject","inLanguage":"tr","@id":"https:\/\/irmak.k12.tr\/high\/we-have-opened-the-academic-year-2023-2024\/#primaryimage","url":"https:\/\/irmak.k12.tr\/high\/wp-content\/uploads\/2023\/09\/2023-24-opening-ceremony1.jpg","contentUrl":"https:\/\/irmak.k12.tr\/high\/wp-content\/uploads\/2023\/09\/2023-24-opening-ceremony1.jpg","width":1080,"height":800},{"@type":"BreadcrumbList","@id":"https:\/\/irmak.k12.tr\/high\/we-have-opened-the-academic-year-2023-2024\/#breadcrumb","itemListElement":[{"@type":"ListItem","position":1,"name":"Anasayfa","item":"https:\/\/irmak.k12.tr\/high\/"},{"@type":"ListItem","position":2,"name":"We have opened the academic year 2023-2024"}]},{"@type":"WebSite","@id":"https:\/\/irmak.k12.tr\/high\/#website","url":"https:\/\/irmak.k12.tr\/high\/","name":"High School - Irmak Schools","description":"","publisher":{"@id":"https:\/\/irmak.k12.tr\/high\/#organization"},"potentialAction":[{"@type":"SearchAction","target":{"@type":"EntryPoint","urlTemplate":"https:\/\/irmak.k12.tr\/high\/?s={search_term_string}"},"query-input":{"@type":"PropertyValueSpecification","valueRequired":true,"valueName":"search_term_string"}}],"inLanguage":"tr"},{"@type":"Organization","@id":"https:\/\/irmak.k12.tr\/high\/#organization","name":"High School - Irmak Schools","url":"https:\/\/irmak.k12.tr\/high\/","logo":{"@type":"ImageObject","inLanguage":"tr","@id":"https:\/\/irmak.k12.tr\/high\/#\/schema\/logo\/image\/","url":"https:\/\/irmak.k12.tr\/high\/wp-content\/uploads\/2026\/07\/lise-en-logo.png","contentUrl":"https:\/\/irmak.k12.tr\/high\/wp-content\/uploads\/2026\/07\/lise-en-logo.png","width":200,"height":190,"caption":"High School - Irmak Schools"},"image":{"@id":"https:\/\/irmak.k12.tr\/high\/#\/schema\/logo\/image\/"}},{"@type":"Person","@id":"https:\/\/irmak.k12.tr\/high\/#\/schema\/person\/9527005c34b4ab70dbff09f95690c3a9","name":"Irmak Schools","image":{"@type":"ImageObject","inLanguage":"tr","@id":"https:\/\/secure.gravatar.com\/avatar\/668682b59166ae9c559a167c0b3f676910475a0356eea28ecd7945224339a479?s=96&d=mm&r=g","url":"https:\/\/secure.gravatar.com\/avatar\/668682b59166ae9c559a167c0b3f676910475a0356eea28ecd7945224339a479?s=96&d=mm&r=g","contentUrl":"https:\/\/secure.gravatar.com\/avatar\/668682b59166ae9c559a167c0b3f676910475a0356eea28ecd7945224339a479?s=96&d=mm&r=g","caption":"Irmak Schools"},"url":"https:\/\/irmak.k12.tr\/high\/author\/fatih\/"}]}},"_links":{"self":[{"href":"https:\/\/irmak.k12.tr\/high\/wp-json\/wp\/v2\/posts\/12412","targetHints":{"allow":["GET"]}}],"collection":[{"href":"https:\/\/irmak.k12.tr\/high\/wp-json\/wp\/v2\/posts"}],"about":[{"href":"https:\/\/irmak.k12.tr\/high\/wp-json\/wp\/v2\/types\/post"}],"author":[{"embeddable":true,"href":"https:\/\/irmak.k12.tr\/high\/wp-json\/wp\/v2\/users\/3"}],"replies":[{"embeddable":true,"href":"https:\/\/irmak.k12.tr\/high\/wp-json\/wp\/v2\/comments?post=12412"}],"version-history":[{"count":1,"href":"https:\/\/irmak.k12.tr\/high\/wp-json\/wp\/v2\/posts\/12412\/revisions"}],"predecessor-version":[{"id":16722,"href":"https:\/\/irmak.k12.tr\/high\/wp-json\/wp\/v2\/posts\/12412\/revisions\/16722"}],"wp:featuredmedia":[{"embeddable":true,"href":"https:\/\/irmak.k12.tr\/high\/wp-json\/wp\/v2\/media\/12413"}],"wp:attachment":[{"href":"https:\/\/irmak.k12.tr\/high\/wp-json\/wp\/v2\/media?parent=12412"}],"wp:term":[{"taxonomy":"category","embeddable":true,"href":"https:\/\/irmak.k12.tr\/high\/wp-json\/wp\/v2\/categories?post=12412"},{"taxonomy":"post_tag","embeddable":true,"href":"https:\/\/irmak.k12.tr\/high\/wp-json\/wp\/v2\/tags?post=12412"}],"curies":[{"name":"wp","href":"https:\/\/api.w.org\/{rel}","templated":true}]}}